{"id":42467,"date":"2021-01-29T16:01:05","date_gmt":"2021-01-29T16:01:05","guid":{"rendered":"https:\/\/jorgezanoni.com.br\/2019\/?p=42467"},"modified":"2021-01-29T16:01:05","modified_gmt":"2021-01-29T16:01:05","slug":"parte-da-regiao-de-presidente-prudente-evolui-para-a-fase-laranja-e-tem-permissao-para-reabrir-o-comercio","status":"publish","type":"post","link":"https:\/\/jorgezanoni.com.br\/2019\/parte-da-regiao-de-presidente-prudente-evolui-para-a-fase-laranja-e-tem-permissao-para-reabrir-o-comercio\/","title":{"rendered":"Parte da regi\u00e3o de Presidente Prudente evolui para a fase laranja e tem permiss\u00e3o para reabrir o com\u00e9rcio"},"content":{"rendered":"<div class=\"mc-column content-text active-extra-styles \" data-block-type=\"unstyled\" data-block-weight=\"29\" data-block-id=\"2\">\n<p class=\"content-text__container \" style=\"text-align: justify;\" data-track-category=\"Link no Texto\" data-track-links=\"\">Os munic\u00edpios vinculados ao Departamento Regional de Sa\u00fade (DRS) de Presidente Prudente evolu\u00edram nesta sexta-feira (29) para a fase laranja do Plano S\u00e3o Paulo e poder\u00e3o reabrir o com\u00e9rcio.<\/p>\n<\/div>\n<div class=\"wall protected-content\">\n<div class=\"mc-column content-text active-extra-styles \" data-block-type=\"unstyled\" data-block-weight=\"33\" data-block-id=\"3\">\n<p class=\"content-text__container \" style=\"text-align: justify;\" data-track-category=\"Link no Texto\" data-track-links=\"\">J\u00e1 os munic\u00edpios sob a jurisdi\u00e7\u00e3o do DRS de Mar\u00edlia continuaram na fase vermelha, a mais restritiva do Plano S\u00e3o Paulo, e ainda n\u00e3o t\u00eam permiss\u00e3o para a retomada do funcionamento do com\u00e9rcio.<\/p>\n<p style=\"text-align: justify;\" data-track-category=\"Link no Texto\" data-track-links=\"\">Fonte: G1<\/p>\n<\/div>\n<\/div>\n","protected":false},"excerpt":{"rendered":"<p>Os munic\u00edpios vinculados ao Departamento Regional de Sa\u00fade (DRS) de Presidente Prudente evolu\u00edram nesta sexta-feira (29) para a fase laranja do Plano S\u00e3o Paulo e poder\u00e3o reabrir o com\u00e9rcio. J\u00e1 os munic\u00edpios sob a jurisdi\u00e7\u00e3o do DRS de Mar\u00edlia continuaram na fase vermelha, a mais restritiva do Plano S\u00e3o Paulo, e ainda n\u00e3o t\u00eam permiss\u00e3o [&hellip;]<\/p>\n","protected":false},"author":1,"featured_media":42468,"comment_status":"closed","ping_status":"open","sticky":false,"template":"","format":"standard","meta":{"footnotes":""},"categories":[110,116],"tags":[],"class_list":["post-42467","post","type-post","status-publish","format-standard","has-post-thumbnail","hentry","category-noticiasdestaque","category-politicaeeconomia"],"_links":{"self":[{"href":"https:\/\/jorgezanoni.com.br\/2019\/wp-json\/wp\/v2\/posts\/42467","targetHints":{"allow":["GET"]}}],"collection":[{"href":"https:\/\/jorgezanoni.com.br\/2019\/wp-json\/wp\/v2\/posts"}],"about":[{"href":"https:\/\/jorgezanoni.com.br\/2019\/wp-json\/wp\/v2\/types\/post"}],"author":[{"embeddable":true,"href":"https:\/\/jorgezanoni.com.br\/2019\/wp-json\/wp\/v2\/users\/1"}],"replies":[{"embeddable":true,"href":"https:\/\/jorgezanoni.com.br\/2019\/wp-json\/wp\/v2\/comments?post=42467"}],"version-history":[{"count":0,"href":"https:\/\/jorgezanoni.com.br\/2019\/wp-json\/wp\/v2\/posts\/42467\/revisions"}],"wp:featuredmedia":[{"embeddable":true,"href":"https:\/\/jorgezanoni.com.br\/2019\/wp-json\/wp\/v2\/media\/42468"}],"wp:attachment":[{"href":"https:\/\/jorgezanoni.com.br\/2019\/wp-json\/wp\/v2\/media?parent=42467"}],"wp:term":[{"taxonomy":"category","embeddable":true,"href":"https:\/\/jorgezanoni.com.br\/2019\/wp-json\/wp\/v2\/categories?post=42467"},{"taxonomy":"post_tag","embeddable":true,"href":"https:\/\/jorgezanoni.com.br\/2019\/wp-json\/wp\/v2\/tags?post=42467"}],"curies":[{"name":"wp","href":"https:\/\/api.w.org\/{rel}","templated":true}]}}