{"id":42461,"date":"2021-01-29T14:46:24","date_gmt":"2021-01-29T14:46:24","guid":{"rendered":"https:\/\/jorgezanoni.com.br\/2019\/?p=42461"},"modified":"2021-01-29T14:46:24","modified_gmt":"2021-01-29T14:46:24","slug":"dracena-pode-voltar-para-a-fase-laranja-governador-fara-pronunciamento-as-1245-horas","status":"publish","type":"post","link":"https:\/\/jorgezanoni.com.br\/2019\/dracena-pode-voltar-para-a-fase-laranja-governador-fara-pronunciamento-as-1245-horas\/","title":{"rendered":"Dracena pode voltar para a FASE LARANJA, Governador far\u00e1 pronunciamento as 12:45 horas"},"content":{"rendered":"<p style=\"text-align: justify;\">Deputado Bragato informou e a Secretaria de Desenvolvimento Regional confirmou:<\/p>\n<p style=\"text-align: justify;\">DRS XI de Presidente Prudente ( Municipios de Irapur\u00fa a Panorama na Alta Paulista = 12) e ( Municipios de Rosana a Rancharia no Pontal do Paranapanema = 31), ir\u00e3o para fase laranja hoje.<\/p>\n<p style=\"text-align: justify;\">Ser\u00e1 anunciado na coletiva do Governador Jo\u00e3o Doria \u00e0s 12h45 de hoje (29).<\/p>\n<p style=\"text-align: justify;\">OBS: DENTRO DO PROTOCOLO DA SA\u00daDE.<\/p>\n<p>Imagem Ilustrativa<\/p>\n","protected":false},"excerpt":{"rendered":"<p>Deputado Bragato informou e a Secretaria de Desenvolvimento Regional confirmou: DRS XI de Presidente Prudente ( Municipios de Irapur\u00fa a Panorama na Alta Paulista = 12) e ( Municipios de Rosana a Rancharia no Pontal do Paranapanema = 31), ir\u00e3o para fase laranja hoje. Ser\u00e1 anunciado na coletiva do Governador Jo\u00e3o Doria \u00e0s 12h45 de [&hellip;]<\/p>\n","protected":false},"author":1,"featured_media":42462,"comment_status":"closed","ping_status":"open","sticky":false,"template":"","format":"standard","meta":{"footnotes":""},"categories":[110,116],"tags":[],"class_list":["post-42461","post","type-post","status-publish","format-standard","has-post-thumbnail","hentry","category-noticiasdestaque","category-politicaeeconomia"],"_links":{"self":[{"href":"https:\/\/jorgezanoni.com.br\/2019\/wp-json\/wp\/v2\/posts\/42461","targetHints":{"allow":["GET"]}}],"collection":[{"href":"https:\/\/jorgezanoni.com.br\/2019\/wp-json\/wp\/v2\/posts"}],"about":[{"href":"https:\/\/jorgezanoni.com.br\/2019\/wp-json\/wp\/v2\/types\/post"}],"author":[{"embeddable":true,"href":"https:\/\/jorgezanoni.com.br\/2019\/wp-json\/wp\/v2\/users\/1"}],"replies":[{"embeddable":true,"href":"https:\/\/jorgezanoni.com.br\/2019\/wp-json\/wp\/v2\/comments?post=42461"}],"version-history":[{"count":0,"href":"https:\/\/jorgezanoni.com.br\/2019\/wp-json\/wp\/v2\/posts\/42461\/revisions"}],"wp:featuredmedia":[{"embeddable":true,"href":"https:\/\/jorgezanoni.com.br\/2019\/wp-json\/wp\/v2\/media\/42462"}],"wp:attachment":[{"href":"https:\/\/jorgezanoni.com.br\/2019\/wp-json\/wp\/v2\/media?parent=42461"}],"wp:term":[{"taxonomy":"category","embeddable":true,"href":"https:\/\/jorgezanoni.com.br\/2019\/wp-json\/wp\/v2\/categories?post=42461"},{"taxonomy":"post_tag","embeddable":true,"href":"https:\/\/jorgezanoni.com.br\/2019\/wp-json\/wp\/v2\/tags?post=42461"}],"curies":[{"name":"wp","href":"https:\/\/api.w.org\/{rel}","templated":true}]}}