{"id":42458,"date":"2021-01-29T14:31:08","date_gmt":"2021-01-29T14:31:08","guid":{"rendered":"https:\/\/jorgezanoni.com.br\/2019\/?p=42458"},"modified":"2021-01-29T14:33:05","modified_gmt":"2021-01-29T14:33:05","slug":"comerciantes-adamantinenses-se-mobilizam-contra-o-fechamento-do-comercio-e-organizam-buzinaco-de-protesto-para-hoje","status":"publish","type":"post","link":"https:\/\/jorgezanoni.com.br\/2019\/comerciantes-adamantinenses-se-mobilizam-contra-o-fechamento-do-comercio-e-organizam-buzinaco-de-protesto-para-hoje\/","title":{"rendered":"Comerciantes adamantinenses se mobilizam contra o fechamento do com\u00e9rcio e organizam buzina\u00e7o de protesto para hoje"},"content":{"rendered":"<p style=\"text-align: justify;\">Ao longo desta semana os comerciantes Gabriel dos Santos (Terra Viva), Vinicius Pravato (Bar\u00e3o) e Vinicius Nogueira (Tio Panda) tentam mobilizar a categoria para protestar contra o fechamento do com\u00e9rcio local frente \u00e0 pandemia da Covid-19, o que ocorreu no dia 18 de janeiro e permanece at\u00e9 hoje ap\u00f3s a atualiza\u00e7\u00e3o do Plano SP que colocou a regi\u00e3o da DRS (Departamento Regional de Sa\u00fade) de Mar\u00edlia na fase vermelha.<\/p>\n<p style=\"text-align: justify;\">A iniciativa ganhou volume com a ades\u00e3o de dezenas de outros empres\u00e1rios e ent\u00e3o foi criado um grupo no WhatsApp que j\u00e1 conta com mais de 250 participantes.<br \/>\nA mobiliza\u00e7\u00e3o dos comerciantes tem circulado de forma ampla nas redes sociais com o slogan #queremostrabalhar.<\/p>\n<p style=\"text-align: justify;\">Gabriel revelou \u00e0 reportagem do\u00a0<strong><em>Adamantina Net<\/em><\/strong>\u00a0que foi marcada uma reuni\u00e3o para a manh\u00e3 desta sexta-feira (29) com o prefeito M\u00e1rcio Cardim, na qual pretendem reivindicar a reabertura do comercio adamantinense.<\/p>\n<p>\u201cNossos estabelecimentos t\u00eam seguido todas as regras de preven\u00e7\u00e3o e higiene exigidas, mesmo assim estamos impedidos de trabalhar. J\u00e1 ficou provado que n\u00e3o \u00e9 o com\u00e9rcio que faz os n\u00fameros da Covid-19 subirem\u201d, declarou.<\/p>\n<p style=\"text-align: justify;\">Caso n\u00e3o haja consenso no encontro com o chefe do executivo e resulte em uma sa\u00edda positiva para ambos os lados, os organizadores cogitam at\u00e9 de os comerciantes voltarem a abrir as lojas\/empresas a partir da pr\u00f3xima segunda-feira (1\u00ba), mesmo sem o consentimento da Prefeitura.<\/p>\n<p>Para a tarde de hoje (sexta) est\u00e1 programado um Buzina\u00e7o de protesto contra o fechamento do com\u00e9rcio local, com a concentra\u00e7\u00e3o e sa\u00edda marcadas para as 14h defronte do Campus II da UNIFAI.<\/p>\n<p style=\"text-align: justify;\">Fonte: https:\/\/adamantinanet.com.br\/<\/p>\n","protected":false},"excerpt":{"rendered":"<p>Ao longo desta semana os comerciantes Gabriel dos Santos (Terra Viva), Vinicius Pravato (Bar\u00e3o) e Vinicius Nogueira (Tio Panda) tentam mobilizar a categoria para protestar contra o fechamento do com\u00e9rcio local frente \u00e0 pandemia da Covid-19, o que ocorreu no dia 18 de janeiro e permanece at\u00e9 hoje ap\u00f3s a atualiza\u00e7\u00e3o do Plano SP que [&hellip;]<\/p>\n","protected":false},"author":1,"featured_media":42459,"comment_status":"closed","ping_status":"open","sticky":false,"template":"","format":"standard","meta":{"footnotes":""},"categories":[195,179,110],"tags":[],"class_list":["post-42458","post","type-post","status-publish","format-standard","has-post-thumbnail","hentry","category-adamantina","category-cidadeseregiao","category-noticiasdestaque"],"_links":{"self":[{"href":"https:\/\/jorgezanoni.com.br\/2019\/wp-json\/wp\/v2\/posts\/42458","targetHints":{"allow":["GET"]}}],"collection":[{"href":"https:\/\/jorgezanoni.com.br\/2019\/wp-json\/wp\/v2\/posts"}],"about":[{"href":"https:\/\/jorgezanoni.com.br\/2019\/wp-json\/wp\/v2\/types\/post"}],"author":[{"embeddable":true,"href":"https:\/\/jorgezanoni.com.br\/2019\/wp-json\/wp\/v2\/users\/1"}],"replies":[{"embeddable":true,"href":"https:\/\/jorgezanoni.com.br\/2019\/wp-json\/wp\/v2\/comments?post=42458"}],"version-history":[{"count":0,"href":"https:\/\/jorgezanoni.com.br\/2019\/wp-json\/wp\/v2\/posts\/42458\/revisions"}],"wp:featuredmedia":[{"embeddable":true,"href":"https:\/\/jorgezanoni.com.br\/2019\/wp-json\/wp\/v2\/media\/42459"}],"wp:attachment":[{"href":"https:\/\/jorgezanoni.com.br\/2019\/wp-json\/wp\/v2\/media?parent=42458"}],"wp:term":[{"taxonomy":"category","embeddable":true,"href":"https:\/\/jorgezanoni.com.br\/2019\/wp-json\/wp\/v2\/categories?post=42458"},{"taxonomy":"post_tag","embeddable":true,"href":"https:\/\/jorgezanoni.com.br\/2019\/wp-json\/wp\/v2\/tags?post=42458"}],"curies":[{"name":"wp","href":"https:\/\/api.w.org\/{rel}","templated":true}]}}