{"id":42455,"date":"2021-01-29T14:12:12","date_gmt":"2021-01-29T14:12:12","guid":{"rendered":"https:\/\/jorgezanoni.com.br\/2019\/?p=42455"},"modified":"2021-01-29T14:12:12","modified_gmt":"2021-01-29T14:12:12","slug":"unifadra-fundec-abre-inscricoes-de-processo-seletivo-de-medicina-para-portadores-de-diploma","status":"publish","type":"post","link":"https:\/\/jorgezanoni.com.br\/2019\/unifadra-fundec-abre-inscricoes-de-processo-seletivo-de-medicina-para-portadores-de-diploma\/","title":{"rendered":"Unifadra\/Fundec abre inscri\u00e7\u00f5es de Processo Seletivo de Medicina para portadores de diploma"},"content":{"rendered":"<p dir=\"ltr\" style=\"text-align: justify;\"><strong>Poder\u00e3o concorrer \u00e0s vagas os portadores de diploma de n\u00edvel superior.<\/strong><\/p>\n<p dir=\"ltr\" style=\"text-align: justify;\">A Faculdade Unifadra\/Fundec de Dracena abrir\u00e1 inscri\u00e7\u00f5es, a partir de amanh\u00e3 (29\/01), para o Processo Seletivo de Medicina para pessoas portadoras de diploma de curso superior, para ingresso no 1\u00ba semestre de 2021 do curso de Medicina.<\/p>\n<p dir=\"ltr\" style=\"text-align: justify;\">Ser\u00e3o aceitos diplomas de n\u00edvel superior de todas as \u00e1reas. As inscri\u00e7\u00f5es podem ser feitas at\u00e9 o dia 08\/02, no site da Fundec (<a href=\"http:\/\/www.fundec.edu.br\/portadordiploma\" target=\"_blank\" rel=\"noopener noreferrer\">http:\/\/www.fundec.edu.br\/portadordiploma<\/a>). A prova ser\u00e1 realizada presencialmente no dia 10\/02 na Fundec. Os candidatos a ingresso no curso de Medicina dever\u00e3o ser portadores de diploma de curso reconhecido por institui\u00e7\u00f5es em situa\u00e7\u00e3o regular com o Minist\u00e9rio da Educa\u00e7\u00e3o ou Conselhos Estaduais de Educa\u00e7\u00e3o. Eles tamb\u00e9m dever\u00e3o apresentar a documenta\u00e7\u00e3o exigida no edital. O resultado ser\u00e1 divulgado no dia 11\/02 e as matr\u00edculas dever\u00e3o ser feitas nos dias 11, 12, 17 e 18\/02\/2021. O in\u00edcio das aulas ser\u00e1 dia 22\/02\/2021. Mais informa\u00e7\u00f5es: (18) 3821-9004.<\/p>\n<div class=\"gmail_signature\" dir=\"ltr\">\n<div dir=\"ltr\" style=\"text-align: justify;\">Carolina Colnago<br \/>\nAssistente de Comunica\u00e7\u00e3o<br \/>\nFunda\u00e7\u00e3o Dracenense de Educa\u00e7\u00e3o e Cultura<\/div>\n<\/div>\n","protected":false},"excerpt":{"rendered":"<p>Poder\u00e3o concorrer \u00e0s vagas os portadores de diploma de n\u00edvel superior. A Faculdade Unifadra\/Fundec de Dracena abrir\u00e1 inscri\u00e7\u00f5es, a partir de amanh\u00e3 (29\/01), para o Processo Seletivo de Medicina para pessoas portadoras de diploma de curso superior, para ingresso no 1\u00ba semestre de 2021 do curso de Medicina. Ser\u00e3o aceitos diplomas de n\u00edvel superior de [&hellip;]<\/p>\n","protected":false},"author":1,"featured_media":42456,"comment_status":"closed","ping_status":"open","sticky":false,"template":"","format":"standard","meta":{"footnotes":""},"categories":[122],"tags":[],"class_list":["post-42455","post","type-post","status-publish","format-standard","has-post-thumbnail","hentry","category-saudeeducacaoeconcurso"],"_links":{"self":[{"href":"https:\/\/jorgezanoni.com.br\/2019\/wp-json\/wp\/v2\/posts\/42455","targetHints":{"allow":["GET"]}}],"collection":[{"href":"https:\/\/jorgezanoni.com.br\/2019\/wp-json\/wp\/v2\/posts"}],"about":[{"href":"https:\/\/jorgezanoni.com.br\/2019\/wp-json\/wp\/v2\/types\/post"}],"author":[{"embeddable":true,"href":"https:\/\/jorgezanoni.com.br\/2019\/wp-json\/wp\/v2\/users\/1"}],"replies":[{"embeddable":true,"href":"https:\/\/jorgezanoni.com.br\/2019\/wp-json\/wp\/v2\/comments?post=42455"}],"version-history":[{"count":0,"href":"https:\/\/jorgezanoni.com.br\/2019\/wp-json\/wp\/v2\/posts\/42455\/revisions"}],"wp:featuredmedia":[{"embeddable":true,"href":"https:\/\/jorgezanoni.com.br\/2019\/wp-json\/wp\/v2\/media\/42456"}],"wp:attachment":[{"href":"https:\/\/jorgezanoni.com.br\/2019\/wp-json\/wp\/v2\/media?parent=42455"}],"wp:term":[{"taxonomy":"category","embeddable":true,"href":"https:\/\/jorgezanoni.com.br\/2019\/wp-json\/wp\/v2\/categories?post=42455"},{"taxonomy":"post_tag","embeddable":true,"href":"https:\/\/jorgezanoni.com.br\/2019\/wp-json\/wp\/v2\/tags?post=42455"}],"curies":[{"name":"wp","href":"https:\/\/api.w.org\/{rel}","templated":true}]}}