{"id":42451,"date":"2021-01-29T14:00:52","date_gmt":"2021-01-29T14:00:52","guid":{"rendered":"https:\/\/jorgezanoni.com.br\/2019\/?p=42451"},"modified":"2021-01-29T14:00:52","modified_gmt":"2021-01-29T14:00:52","slug":"penitenciaria-feminina-de-tupi-paulista-realiza-acoes-em-alusao-a-visibilidade-trans","status":"publish","type":"post","link":"https:\/\/jorgezanoni.com.br\/2019\/penitenciaria-feminina-de-tupi-paulista-realiza-acoes-em-alusao-a-visibilidade-trans\/","title":{"rendered":"Penitenci\u00e1ria Feminina de Tupi Paulista realiza a\u00e7\u00f5es em alus\u00e3o a visibilidade Trans"},"content":{"rendered":"<p style=\"text-align: justify;\" align=\"center\"><b>PF DE TUPI PAULISTA REALIZA A\u00c7\u00d5ES EM ALUS\u00c3O \u00c0 VISIBILIDADE TRANS<\/b><\/p>\n<p style=\"text-align: justify;\" align=\"center\"><span style=\"font-size: medium;\">Durante a semana, servidores discutiram o tema com os custodiados<\/span><b><span style=\"color: #000000; font-size: medium;\">\u00a0<\/span><\/b><\/p>\n<p style=\"text-align: justify;\" align=\"left\"><span style=\"color: #000000; font-size: medium;\">Comemorado em 29 de janeiro, em reconhecimento \u00e0 luta de travestis e transexuais no Brasil em busca de respeito, o &#8220;Dia da Visibilidade Trans&#8221; ganhou tamb\u00e9m espa\u00e7o nos pres\u00eddios paulistas.Durante a semana alusiva ao tema, a equipe de servidores da unidade realizou encontros com os sentenciados da Penitenci\u00e1ria Feminina de Tupi Paulista, que se autodeclaram homens trans, os quais participaram de rodas de conversa e assistiram a document\u00e1rio abordando transi\u00e7\u00e3o de g\u00eanero, preconceito e intoler\u00e2ncia (Transfobia).<\/span><\/p>\n<p style=\"text-align: justify;\" align=\"left\"><span style=\"color: #000000; font-size: medium;\"><span style=\"font-size: medium;\"><span style=\"color: #000000;\">Projetada para deten\u00e7\u00e3o de mulheres, a Penitenci\u00e1ria Feminina de Tupi Paulista abriga hoje um total de 25 (vinte e cinco) homens transexuais. A cust\u00f3dia desse grupo em unidade feminina \u00e9 preconizada em recomenda\u00e7\u00e3o do Departamento Penitenci\u00e1rio Nacional (Depen). A a\u00e7\u00e3o tem\u00e1tica realizada teve como objetivo acolher esse p\u00fablico e proporcionar a elemomentos l\u00fadicos, com exibi\u00e7\u00e3o cinematogr\u00e1fica e trocas de informa\u00e7\u00f5es e experi\u00eancias vividas.\u00a0\u00a0\u00a0\u00a0\u00a0<\/span><\/span><\/span><\/p>\n<p style=\"text-align: justify;\" align=\"left\"><b><span style=\"color: #000000;\">O que \u00e9 uma pessoa Trans?<\/span><\/b><\/p>\n<p style=\"text-align: justify;\" align=\"left\"><span style=\"color: #000000;\">O termo Transg\u00eanero \u00e9 utilizado para se referir a uma pessoa que n\u00e3o se identifica com o g\u00eanero ao qual foi designado em seu nascimento,<\/span>\u00a0ou seja, aquele determinado pelos \u00f3rg\u00e3os sexuais biol\u00f3gicos. Ela se identifica como sendo do g\u00eanero oposto e passa a viver assim, de maneira a se sentir melhor consigo mesma.<\/p>\n<p align=\"left\"><img loading=\"lazy\" decoding=\"async\" class=\"alignnone size-full wp-image-42453\" src=\"https:\/\/jorgezanoni.com.br\/2019\/wp-content\/uploads\/2021\/01\/trans.jpg\" alt=\"\" width=\"1080\" height=\"1276\" srcset=\"https:\/\/jorgezanoni.com.br\/2019\/wp-content\/uploads\/2021\/01\/trans.jpg 1080w, https:\/\/jorgezanoni.com.br\/2019\/wp-content\/uploads\/2021\/01\/trans-254x300.jpg 254w, https:\/\/jorgezanoni.com.br\/2019\/wp-content\/uploads\/2021\/01\/trans-867x1024.jpg 867w, https:\/\/jorgezanoni.com.br\/2019\/wp-content\/uploads\/2021\/01\/trans-768x907.jpg 768w, https:\/\/jorgezanoni.com.br\/2019\/wp-content\/uploads\/2021\/01\/trans-696x822.jpg 696w, https:\/\/jorgezanoni.com.br\/2019\/wp-content\/uploads\/2021\/01\/trans-1068x1262.jpg 1068w, https:\/\/jorgezanoni.com.br\/2019\/wp-content\/uploads\/2021\/01\/trans-355x420.jpg 355w\" sizes=\"auto, (max-width: 1080px) 100vw, 1080px\" \/><\/p>\n<div style=\"text-align: justify;\"><span style=\"color: #000000; font-family: Verdana; font-size: small;\"><span style=\"color: #000000; font-size: medium;\">*Eliane Borges e Jo\u00e3o Hercolino &#8211; Croeste<\/span><\/span><\/div>\n<div>\n<div id=\"Signature\">\n<div>\n<div style=\"text-align: justify;\"><\/div>\n<div style=\"text-align: justify;\">Respeitosamente,<\/div>\n<div><\/div>\n<div><img decoding=\"async\" class=\"EmojiInsert\" src=\"https:\/\/jorgezanoni.com.br:2096\/cpsess5445097776\/3rdparty\/roundcube\/?_task=mail&amp;_action=get&amp;_mbox=INBOX&amp;_uid=20942&amp;_token=QD6T2vWqr6wf8kq1QumdmwE6aPDmKB0y&amp;_part=1.2&amp;_embed=1&amp;_mimeclass=image\" \/><\/div>\n<\/div>\n<\/div>\n<\/div>\n","protected":false},"excerpt":{"rendered":"<p>PF DE TUPI PAULISTA REALIZA A\u00c7\u00d5ES EM ALUS\u00c3O \u00c0 VISIBILIDADE TRANS Durante a semana, servidores discutiram o tema com os custodiados\u00a0 Comemorado em 29 de janeiro, em reconhecimento \u00e0 luta de travestis e transexuais no Brasil em busca de respeito, o &#8220;Dia da Visibilidade Trans&#8221; ganhou tamb\u00e9m espa\u00e7o nos pres\u00eddios paulistas.Durante a semana alusiva ao [&hellip;]<\/p>\n","protected":false},"author":1,"featured_media":42452,"comment_status":"closed","ping_status":"open","sticky":false,"template":"","format":"standard","meta":{"footnotes":""},"categories":[114,110],"tags":[],"class_list":["post-42451","post","type-post","status-publish","format-standard","has-post-thumbnail","hentry","category-geralecomercio","category-noticiasdestaque"],"_links":{"self":[{"href":"https:\/\/jorgezanoni.com.br\/2019\/wp-json\/wp\/v2\/posts\/42451","targetHints":{"allow":["GET"]}}],"collection":[{"href":"https:\/\/jorgezanoni.com.br\/2019\/wp-json\/wp\/v2\/posts"}],"about":[{"href":"https:\/\/jorgezanoni.com.br\/2019\/wp-json\/wp\/v2\/types\/post"}],"author":[{"embeddable":true,"href":"https:\/\/jorgezanoni.com.br\/2019\/wp-json\/wp\/v2\/users\/1"}],"replies":[{"embeddable":true,"href":"https:\/\/jorgezanoni.com.br\/2019\/wp-json\/wp\/v2\/comments?post=42451"}],"version-history":[{"count":0,"href":"https:\/\/jorgezanoni.com.br\/2019\/wp-json\/wp\/v2\/posts\/42451\/revisions"}],"wp:featuredmedia":[{"embeddable":true,"href":"https:\/\/jorgezanoni.com.br\/2019\/wp-json\/wp\/v2\/media\/42452"}],"wp:attachment":[{"href":"https:\/\/jorgezanoni.com.br\/2019\/wp-json\/wp\/v2\/media?parent=42451"}],"wp:term":[{"taxonomy":"category","embeddable":true,"href":"https:\/\/jorgezanoni.com.br\/2019\/wp-json\/wp\/v2\/categories?post=42451"},{"taxonomy":"post_tag","embeddable":true,"href":"https:\/\/jorgezanoni.com.br\/2019\/wp-json\/wp\/v2\/tags?post=42451"}],"curies":[{"name":"wp","href":"https:\/\/api.w.org\/{rel}","templated":true}]}}