{"id":4244,"date":"2019-08-21T00:09:40","date_gmt":"2019-08-21T00:09:40","guid":{"rendered":"https:\/\/jorgezanoni.com.br\/2019\/?p=4244"},"modified":"2019-08-21T00:09:40","modified_gmt":"2019-08-21T00:09:40","slug":"policia-civil-conclui-inquerito-sobre-trafico-de-drogas-e-estudante-de-medicina-volta-a-prisao-em-adamantina","status":"publish","type":"post","link":"https:\/\/jorgezanoni.com.br\/2019\/policia-civil-conclui-inquerito-sobre-trafico-de-drogas-e-estudante-de-medicina-volta-a-prisao-em-adamantina\/","title":{"rendered":"Pol\u00edcia Civil conclui inqu\u00e9rito sobre tr\u00e1fico de drogas e estudante de Medicina volta \u00e0 pris\u00e3o em Adamantina"},"content":{"rendered":"<p style=\"text-align: justify;\">Em 7 de agosto de 2019, a Pol\u00edcia Civil de Adamantina concluiu o inqu\u00e9rito policial sobre a pris\u00e3o de quatro estudantes de medicina que haviam sido detidos em flagrante delito no dia 10 de maio deste ano, apontados como autores dos crimes de tr\u00e1fico de drogas e associa\u00e7\u00e3o para o tr\u00e1fico.<\/p>\n<p style=\"text-align: justify;\">Dias ap\u00f3s a pris\u00e3o em flagrante, os acusados ganharam liberdade provis\u00f3ria por decis\u00e3o dos tribunais superiores do poder judici\u00e1rio, no entanto, as investiga\u00e7\u00f5es prosseguiram no bojo do inqu\u00e9rito instaurado pela Delegacia de Investiga\u00e7\u00f5es Sobre Entorpecentes (DISE), onde foram juntados outros elementos de prova e fatos novos acrescidos para o processo.<\/p>\n<p style=\"text-align: justify;\">Com as novas provas produzidas, o delegado de pol\u00edcia titular da DISE concluiu as investiga\u00e7\u00f5es, remetendo ao ju\u00edzo com representa\u00e7\u00e3o pela decreta\u00e7\u00e3o da pris\u00e3o preventiva.<\/p>\n<p style=\"text-align: justify;\">O \u00f3rg\u00e3o acusador, Minist\u00e9rio P\u00fablico, concordou com a decreta\u00e7\u00e3o da pris\u00e3o de uma das acusadas e o ju\u00edzo decretou seu recolhimento ao c\u00e1rcere, para que responda ao processo, presa preventivamente.<\/p>\n<p style=\"text-align: justify;\">De posse do respectivo mandado de pris\u00e3o, os policiais capturaram a procurada na tarde desta ter\u00e7a-feira (20), por volta das 16h, quando chegava em sua resid\u00eancia. Os outros tr\u00eas acusados seguem em liberdade, mas respondendo ao mesmo processo.<\/p>\n<p style=\"text-align: justify;\"><b><strong>Relembre o caso<\/strong><\/b><\/p>\n<p style=\"text-align: justify;\">A pris\u00e3o dos estudantes se deu no \u00e2mbito da \u201cOpera\u00e7\u00e3o Alquimista\u201d, desenvolvida pela Pol\u00edcia Civil de Adamantina com foco no combate ao tr\u00e1fico de drogas, em especial sobre subst\u00e2ncias sint\u00e9ticas. Os policiais apuraram que durante algumas festas de universit\u00e1rios e outras abertas ao p\u00fablico em geral, eram comercializadas drogas sint\u00e9ticas trazidas por alguns estudantes de medicina que abasteciam os usu\u00e1rios.<\/p>\n<p style=\"text-align: justify;\">Durante a investiga\u00e7\u00e3o foram levantados informes de que os suspeitos levariam drogas para serem comercializadas em uma festa eletr\u00f4nica, na cidade. Foi identificada pelos policiais a pessoa que teria comprimidos de ecstasy para distribui\u00e7\u00e3o.<\/p>\n<p style=\"text-align: justify;\">Assim, no dia 10 de maio, buscas domiciliares foram cumpridas e nove estudantes detidos, dos quais, quatro foram presos em flagrante pela pr\u00e1tica de tr\u00e1fico de drogas e associa\u00e7\u00e3o para o tr\u00e1fico, sendo dois homens e duas mulheres, em poder dos quais encontrou-se drogas sint\u00e9ticas como LSD, ecstasy, MD e maconha.<\/p>\n<p style=\"text-align: justify;\">Outro estudante, rapaz, tamb\u00e9m foi preso por tr\u00e1fico de drogas, apreendendo-se maconha em sua resid\u00eancia, mas sem conex\u00e3o atual com os quatro primeiros, sendo que os demais quatro estudantes detidos foram autuados pela pr\u00e1tica de porte de drogas e liberados conforme disp\u00f5e a legisla\u00e7\u00e3o em vigor, pois possu\u00edam drogas para consumo pr\u00f3prio.<\/p>\n<p style=\"text-align: justify;\">Na resid\u00eancia de dois dos presos, tamb\u00e9m foram encontradas estufas adaptadas para o cultivo de maconha. As estufas tinham mecanismo de ilumina\u00e7\u00e3o, ventila\u00e7\u00e3o e troca de ar.<\/p>\n<p style=\"text-align: justify;\">No total da opera\u00e7\u00e3o, segundo a Pol\u00edcia Civil, foram apreendidas 370 gramas de maconha, uma pequena por\u00e7\u00e3o de Haxixe, uma por\u00e7\u00e3o com cristais de MD, 2 quadriculados de LSD, 62 comprimidos de ecstasy, al\u00e9m de outros objetos pr\u00f3prios para o tr\u00e1fico e consumo de drogas, e um ve\u00edculo utilizado para o transporte das drogas.<\/p>\n<p style=\"text-align: justify;\">Na \u00e9poca, os estudantes tiveram as pris\u00f5es executadas nos cumprimentos dos mandados convertidas em pris\u00f5es preventivas, sendo os mesmos encaminhados para o Centro de Deten\u00e7\u00e3o Provis\u00f3ria (CDP) de Pacaembu e \u00e0 Penitenci\u00e1ria Feminina de Tupi Paulista, e foram soltos dias depois, por decis\u00f5es de inst\u00e2ncias superiores do Poder Judici\u00e1rio, cujos habeas-corpus (HC), foram concedidos por desembargador do Tribunal de Justi\u00e7a do Estado de S\u00e3o Paulo (TJSP) e outro por ministro do Superior Tribunal de Justi\u00e7a (STJ).<\/p>\n<p style=\"text-align: justify;\">Agora, com a conclus\u00e3o do inqu\u00e9rito pela Pol\u00edcia Civil de Adamantina, e diante da nova decis\u00e3o judicial, uma estudante voltou a ser presa para responder preventivamente \u00e0s acusa\u00e7\u00f5es. Os demais v\u00e3o responder em liberdade.<\/p>\n<p style=\"text-align: justify;\">Fonte: Com. Social Pol\u00edcia Civil<\/p>\n","protected":false},"excerpt":{"rendered":"<p>Em 7 de agosto de 2019, a Pol\u00edcia Civil de Adamantina concluiu o inqu\u00e9rito policial sobre a pris\u00e3o de quatro estudantes de medicina que haviam sido detidos em flagrante delito no dia 10 de maio deste ano, apontados como autores dos crimes de tr\u00e1fico de drogas e associa\u00e7\u00e3o para o tr\u00e1fico. Dias ap\u00f3s a pris\u00e3o [&hellip;]<\/p>\n","protected":false},"author":1,"featured_media":4245,"comment_status":"closed","ping_status":"open","sticky":false,"template":"","format":"standard","meta":{"footnotes":""},"categories":[110,2],"tags":[],"class_list":["post-4244","post","type-post","status-publish","format-standard","has-post-thumbnail","hentry","category-noticiasdestaque","category-policial"],"_links":{"self":[{"href":"https:\/\/jorgezanoni.com.br\/2019\/wp-json\/wp\/v2\/posts\/4244","targetHints":{"allow":["GET"]}}],"collection":[{"href":"https:\/\/jorgezanoni.com.br\/2019\/wp-json\/wp\/v2\/posts"}],"about":[{"href":"https:\/\/jorgezanoni.com.br\/2019\/wp-json\/wp\/v2\/types\/post"}],"author":[{"embeddable":true,"href":"https:\/\/jorgezanoni.com.br\/2019\/wp-json\/wp\/v2\/users\/1"}],"replies":[{"embeddable":true,"href":"https:\/\/jorgezanoni.com.br\/2019\/wp-json\/wp\/v2\/comments?post=4244"}],"version-history":[{"count":0,"href":"https:\/\/jorgezanoni.com.br\/2019\/wp-json\/wp\/v2\/posts\/4244\/revisions"}],"wp:featuredmedia":[{"embeddable":true,"href":"https:\/\/jorgezanoni.com.br\/2019\/wp-json\/wp\/v2\/media\/4245"}],"wp:attachment":[{"href":"https:\/\/jorgezanoni.com.br\/2019\/wp-json\/wp\/v2\/media?parent=4244"}],"wp:term":[{"taxonomy":"category","embeddable":true,"href":"https:\/\/jorgezanoni.com.br\/2019\/wp-json\/wp\/v2\/categories?post=4244"},{"taxonomy":"post_tag","embeddable":true,"href":"https:\/\/jorgezanoni.com.br\/2019\/wp-json\/wp\/v2\/tags?post=4244"}],"curies":[{"name":"wp","href":"https:\/\/api.w.org\/{rel}","templated":true}]}}