{"id":42417,"date":"2021-01-28T12:53:03","date_gmt":"2021-01-28T12:53:03","guid":{"rendered":"https:\/\/jorgezanoni.com.br\/2019\/?p=42417"},"modified":"2021-01-28T12:53:03","modified_gmt":"2021-01-28T12:53:03","slug":"vacinacao-covid-19-em-dracena-atinge-681-profissionais-da-saude","status":"publish","type":"post","link":"https:\/\/jorgezanoni.com.br\/2019\/vacinacao-covid-19-em-dracena-atinge-681-profissionais-da-saude\/","title":{"rendered":"Vacina\u00e7\u00e3o COVID-19 em Dracena atinge 681 profissionais da Sa\u00fade"},"content":{"rendered":"<p style=\"text-align: justify;\"><strong>O balan\u00e7o corresponde a este primeiro momento da campanha, com doses aplicadas at\u00e9 ontem, 27.<\/strong><\/p>\n<p style=\"text-align: justify;\">A campanha de vacina\u00e7\u00e3o covid 19 prossegue em Dracena voltada ao p\u00fablico-alvo deste primeiro momento. A enfermeira respons\u00e1vel pela Vigil\u00e2ncia Epidemiol\u00f3gica (VE), Karina Akiyama informa que at\u00e9 esta quarta-feira, 27, foram vacinados 681 profissionais da sa\u00fade.<\/p>\n<p style=\"text-align: justify;\">Hoje, 28, as equipes de vacinadores est\u00e3o vacinando os profissionais das Unidades B\u00e1sicas de Sa\u00fade, ESFs e CAPS.<\/p>\n<p>Fonte: Diretoria de Comunica\u00e7\u00e3o Prefeitura<\/p>\n<p style=\"text-align: justify;\">\n<p>&nbsp;<\/p>\n<p>&nbsp;<\/p>\n<p>&nbsp;<\/p>\n","protected":false},"excerpt":{"rendered":"<p>O balan\u00e7o corresponde a este primeiro momento da campanha, com doses aplicadas at\u00e9 ontem, 27. A campanha de vacina\u00e7\u00e3o covid 19 prossegue em Dracena voltada ao p\u00fablico-alvo deste primeiro momento. A enfermeira respons\u00e1vel pela Vigil\u00e2ncia Epidemiol\u00f3gica (VE), Karina Akiyama informa que at\u00e9 esta quarta-feira, 27, foram vacinados 681 profissionais da sa\u00fade. Hoje, 28, as equipes [&hellip;]<\/p>\n","protected":false},"author":1,"featured_media":42418,"comment_status":"closed","ping_status":"open","sticky":false,"template":"","format":"standard","meta":{"footnotes":""},"categories":[179,184,110],"tags":[],"class_list":["post-42417","post","type-post","status-publish","format-standard","has-post-thumbnail","hentry","category-cidadeseregiao","category-dracena","category-noticiasdestaque"],"_links":{"self":[{"href":"https:\/\/jorgezanoni.com.br\/2019\/wp-json\/wp\/v2\/posts\/42417","targetHints":{"allow":["GET"]}}],"collection":[{"href":"https:\/\/jorgezanoni.com.br\/2019\/wp-json\/wp\/v2\/posts"}],"about":[{"href":"https:\/\/jorgezanoni.com.br\/2019\/wp-json\/wp\/v2\/types\/post"}],"author":[{"embeddable":true,"href":"https:\/\/jorgezanoni.com.br\/2019\/wp-json\/wp\/v2\/users\/1"}],"replies":[{"embeddable":true,"href":"https:\/\/jorgezanoni.com.br\/2019\/wp-json\/wp\/v2\/comments?post=42417"}],"version-history":[{"count":0,"href":"https:\/\/jorgezanoni.com.br\/2019\/wp-json\/wp\/v2\/posts\/42417\/revisions"}],"wp:featuredmedia":[{"embeddable":true,"href":"https:\/\/jorgezanoni.com.br\/2019\/wp-json\/wp\/v2\/media\/42418"}],"wp:attachment":[{"href":"https:\/\/jorgezanoni.com.br\/2019\/wp-json\/wp\/v2\/media?parent=42417"}],"wp:term":[{"taxonomy":"category","embeddable":true,"href":"https:\/\/jorgezanoni.com.br\/2019\/wp-json\/wp\/v2\/categories?post=42417"},{"taxonomy":"post_tag","embeddable":true,"href":"https:\/\/jorgezanoni.com.br\/2019\/wp-json\/wp\/v2\/tags?post=42417"}],"curies":[{"name":"wp","href":"https:\/\/api.w.org\/{rel}","templated":true}]}}