{"id":42414,"date":"2021-01-28T12:38:25","date_gmt":"2021-01-28T12:38:25","guid":{"rendered":"https:\/\/jorgezanoni.com.br\/2019\/?p=42414"},"modified":"2021-01-28T12:38:25","modified_gmt":"2021-01-28T12:38:25","slug":"blumenau-vai-divulgar-lista-com-nome-dos-imunizados-contra-a-covid-19-municipio-esta-estruturando-divulgacao-de-uma-lista-das-pessoas-que-receberam-a-vacina","status":"publish","type":"post","link":"https:\/\/jorgezanoni.com.br\/2019\/blumenau-vai-divulgar-lista-com-nome-dos-imunizados-contra-a-covid-19-municipio-esta-estruturando-divulgacao-de-uma-lista-das-pessoas-que-receberam-a-vacina\/","title":{"rendered":"Blumenau vai divulgar lista com nome dos imunizados contra a Covid-19 Munic\u00edpio est\u00e1 estruturando divulga\u00e7\u00e3o de uma lista das pessoas que receberam a vacina."},"content":{"rendered":"<p style=\"text-align: justify;\">Na tarde desta quarta-feira, dia 27, o Prefeito M\u00e1rio Hildebrandt anunciou que nos pr\u00f3ximos dias a Prefeitura de Blumenau vai passar a divulgar com ainda mais transpar\u00eancia os n\u00fameros da Campanha Nacional de Vacina\u00e7\u00e3o contra a Covid-19. Al\u00e9m do n\u00famero de vacinados, a Prefeitura de Blumenau est\u00e1 operacionalizando a divulga\u00e7\u00e3o de uma lista com o nome das pessoas que j\u00e1 foram imunizadas no munic\u00edpio.<\/p>\n<p style=\"text-align: justify;\">At\u00e9 agora, Blumenau recebeu 3.400 doses da vacina Coronavac, enviadas pelo Governo do Estado. O munic\u00edpio aguarda ainda a chegada de um novo quantitativo de doses do Governo do Estado, a segunda remessa ser\u00e1 aplicada assim que terminar os doses do primeiro lote.<\/p>\n<p style=\"text-align: justify;\">Fonte: https:\/\/www.blumenau.sc.gov.br\/secretarias\/<\/p>\n<p style=\"text-align: justify;\">NOTA DA REDA\u00c7\u00c3O: \u00a0&#8220;&#8230; deve ser dada publicidade di\u00e1ria, em seus sites oficiais, de forma acess\u00edvel \u00e0 popula\u00e7\u00e3o, a rela\u00e7\u00e3o das pessoas vacinadas no dia respectivo, com identifica\u00e7\u00e3o de nome, CPF (ou CNS, se profissional da sa\u00fade), local onde foi feita a imuniza\u00e7\u00e3o, fun\u00e7\u00e3o exercida e local onde a exerce (se aplic\u00e1vel).&#8221;<br \/>\nSegundo a recomenda\u00e7\u00e3o, \u201co controle social \u00e9 princ\u00edpio fundamental para as atividades de sa\u00fade p\u00fablica no Brasil, e apenas o acesso individualizado pela popula\u00e7\u00e3o permitir\u00e1 o efetivo controle sobre os vacinados, a evitar o chamado \u201cfuro de fila\u201d por pessoas n\u00e3o integrantes dos chamados grupo de risco&#8221;.<\/p>\n<p style=\"text-align: justify;\">DRACENA FAR\u00c1 O MESMO?<\/p>\n<p style=\"text-align: justify;\">ISSO CHAMA-SE TRANSPAR\u00caNCIA!!!<\/p>\n","protected":false},"excerpt":{"rendered":"<p>Na tarde desta quarta-feira, dia 27, o Prefeito M\u00e1rio Hildebrandt anunciou que nos pr\u00f3ximos dias a Prefeitura de Blumenau vai passar a divulgar com ainda mais transpar\u00eancia os n\u00fameros da Campanha Nacional de Vacina\u00e7\u00e3o contra a Covid-19. Al\u00e9m do n\u00famero de vacinados, a Prefeitura de Blumenau est\u00e1 operacionalizando a divulga\u00e7\u00e3o de uma lista com o [&hellip;]<\/p>\n","protected":false},"author":1,"featured_media":42415,"comment_status":"closed","ping_status":"open","sticky":false,"template":"","format":"standard","meta":{"footnotes":""},"categories":[110,122],"tags":[],"class_list":["post-42414","post","type-post","status-publish","format-standard","has-post-thumbnail","hentry","category-noticiasdestaque","category-saudeeducacaoeconcurso"],"_links":{"self":[{"href":"https:\/\/jorgezanoni.com.br\/2019\/wp-json\/wp\/v2\/posts\/42414","targetHints":{"allow":["GET"]}}],"collection":[{"href":"https:\/\/jorgezanoni.com.br\/2019\/wp-json\/wp\/v2\/posts"}],"about":[{"href":"https:\/\/jorgezanoni.com.br\/2019\/wp-json\/wp\/v2\/types\/post"}],"author":[{"embeddable":true,"href":"https:\/\/jorgezanoni.com.br\/2019\/wp-json\/wp\/v2\/users\/1"}],"replies":[{"embeddable":true,"href":"https:\/\/jorgezanoni.com.br\/2019\/wp-json\/wp\/v2\/comments?post=42414"}],"version-history":[{"count":0,"href":"https:\/\/jorgezanoni.com.br\/2019\/wp-json\/wp\/v2\/posts\/42414\/revisions"}],"wp:featuredmedia":[{"embeddable":true,"href":"https:\/\/jorgezanoni.com.br\/2019\/wp-json\/wp\/v2\/media\/42415"}],"wp:attachment":[{"href":"https:\/\/jorgezanoni.com.br\/2019\/wp-json\/wp\/v2\/media?parent=42414"}],"wp:term":[{"taxonomy":"category","embeddable":true,"href":"https:\/\/jorgezanoni.com.br\/2019\/wp-json\/wp\/v2\/categories?post=42414"},{"taxonomy":"post_tag","embeddable":true,"href":"https:\/\/jorgezanoni.com.br\/2019\/wp-json\/wp\/v2\/tags?post=42414"}],"curies":[{"name":"wp","href":"https:\/\/api.w.org\/{rel}","templated":true}]}}