{"id":42398,"date":"2021-01-28T00:11:59","date_gmt":"2021-01-28T00:11:59","guid":{"rendered":"https:\/\/jorgezanoni.com.br\/2019\/?p=42398"},"modified":"2021-01-28T00:11:59","modified_gmt":"2021-01-28T00:11:59","slug":"acao-conjunta-das-policias-civil-e-militar-resulta-na-prisao-de-dois-individuos-suspeitos-de-praticarem-furto-em-panorama","status":"publish","type":"post","link":"https:\/\/jorgezanoni.com.br\/2019\/acao-conjunta-das-policias-civil-e-militar-resulta-na-prisao-de-dois-individuos-suspeitos-de-praticarem-furto-em-panorama\/","title":{"rendered":"A\u00e7\u00e3o conjunta das Pol\u00edcias Civil e Militar resulta na pris\u00e3o de dois indiv\u00edduos suspeitos de praticarem furto em Panorama"},"content":{"rendered":"<p style=\"text-align: justify;\"><strong>Um dos indiv\u00edduos preso era fugitivo da CPP de Mongagu\u00e1. Os objetos que haviam sido levados pela dupla foram recuperados e restitu\u00eddos para a v\u00edtima.<\/strong><\/p>\n<p style=\"text-align: justify;\">A Pol\u00edcia Civil, por interm\u00e9dio da Delegacia de Pol\u00edcia de Panorama, contando com apoio operacional da Pol\u00edcia Militar, realizou uma a\u00e7\u00e3o nesta quarta-feira (27), que resultou na pris\u00e3o em flagrante de dois homens, de 23 e 26 anos, suspeitos de serem autores de um furto ocorrido em uma cer\u00e2mica, de onde foram subtra\u00eddos: uma furadeira, uma lixadeira, um computador e uma impressora. O furto ocorreu durante a madrugada desta quarta-feira (27).<\/p>\n<p style=\"text-align: justify;\">Logo ap\u00f3s o registro da ocorr\u00eancia, noticiando o crime de furto, os policiais civis iniciaram as diligencias no sentido de identificar a autoria e recuperar o material furtado. Sendo colhidas informa\u00e7\u00f5es que remetiam a autoria a dois suspeitos, que estariam escondidos em uma resid\u00eancia no bairro Quinta da Iaras, em Panorama.<\/p>\n<p style=\"text-align: justify;\">Diante da situa\u00e7\u00e3o foi solicitado apoio operacional para Pol\u00edcia Militar, iniciando uma varredura em conjunto no referido bairro e, ao chegarem nas proximidades de uma resid\u00eancia, em estado de abandono, as equipes visualizam os dois indiv\u00edduos pulando o muro e empreendo fuga, se embrenhando em matagal existente nas proximidades. Assim, houve o acompanhamento e em seguida a deten\u00e7\u00e3o dos dois homens suspeitos.<\/p>\n<p style=\"text-align: justify;\">Conduzidos para Delegacia de Pol\u00edcia de Panorama, aos serem indagados sobre o furto praticado na madrugada, de imediato, a dupla confessou a pr\u00e1tica do furto e apontaram o local em que haviam escondido os objetos furtados. Os materiais foram recuperados e devolvidos \u00e0 v\u00edtima.<\/p>\n<p style=\"text-align: justify;\">Ainda, na unidade policial ao ser feita consulta criminal foi constatado que o suspeito de 26 anos, era foragido do sistema penitenci\u00e1rio, desde do dia 16\/3\/2020, do CPP de Mongagu\u00e1, motivo pelo qual contra ele j\u00e1 havia um mandado de pris\u00e3o em aberto. Ambos foram autuados em flagrante pelo crime de furto qualificado, e permaneceram presos \u00e0 disposi\u00e7\u00e3o da Justi\u00e7a, aguardando a audi\u00eancia de cust\u00f3dia.<\/p>\n<p>Fonte: Com. Social Pol\u00edcia Civil<\/p>\n","protected":false},"excerpt":{"rendered":"<p>Um dos indiv\u00edduos preso era fugitivo da CPP de Mongagu\u00e1. Os objetos que haviam sido levados pela dupla foram recuperados e restitu\u00eddos para a v\u00edtima. A Pol\u00edcia Civil, por interm\u00e9dio da Delegacia de Pol\u00edcia de Panorama, contando com apoio operacional da Pol\u00edcia Militar, realizou uma a\u00e7\u00e3o nesta quarta-feira (27), que resultou na pris\u00e3o em flagrante [&hellip;]<\/p>\n","protected":false},"author":1,"featured_media":42399,"comment_status":"closed","ping_status":"open","sticky":false,"template":"","format":"standard","meta":{"footnotes":""},"categories":[110,2],"tags":[],"class_list":["post-42398","post","type-post","status-publish","format-standard","has-post-thumbnail","hentry","category-noticiasdestaque","category-policial"],"_links":{"self":[{"href":"https:\/\/jorgezanoni.com.br\/2019\/wp-json\/wp\/v2\/posts\/42398","targetHints":{"allow":["GET"]}}],"collection":[{"href":"https:\/\/jorgezanoni.com.br\/2019\/wp-json\/wp\/v2\/posts"}],"about":[{"href":"https:\/\/jorgezanoni.com.br\/2019\/wp-json\/wp\/v2\/types\/post"}],"author":[{"embeddable":true,"href":"https:\/\/jorgezanoni.com.br\/2019\/wp-json\/wp\/v2\/users\/1"}],"replies":[{"embeddable":true,"href":"https:\/\/jorgezanoni.com.br\/2019\/wp-json\/wp\/v2\/comments?post=42398"}],"version-history":[{"count":0,"href":"https:\/\/jorgezanoni.com.br\/2019\/wp-json\/wp\/v2\/posts\/42398\/revisions"}],"wp:featuredmedia":[{"embeddable":true,"href":"https:\/\/jorgezanoni.com.br\/2019\/wp-json\/wp\/v2\/media\/42399"}],"wp:attachment":[{"href":"https:\/\/jorgezanoni.com.br\/2019\/wp-json\/wp\/v2\/media?parent=42398"}],"wp:term":[{"taxonomy":"category","embeddable":true,"href":"https:\/\/jorgezanoni.com.br\/2019\/wp-json\/wp\/v2\/categories?post=42398"},{"taxonomy":"post_tag","embeddable":true,"href":"https:\/\/jorgezanoni.com.br\/2019\/wp-json\/wp\/v2\/tags?post=42398"}],"curies":[{"name":"wp","href":"https:\/\/api.w.org\/{rel}","templated":true}]}}