{"id":42379,"date":"2021-01-27T17:43:32","date_gmt":"2021-01-27T17:43:32","guid":{"rendered":"https:\/\/jorgezanoni.com.br\/2019\/?p=42379"},"modified":"2021-01-27T17:43:32","modified_gmt":"2021-01-27T17:43:32","slug":"cabeca-de-dinossauro-e-467-anos-de-sampa","status":"publish","type":"post","link":"https:\/\/jorgezanoni.com.br\/2019\/cabeca-de-dinossauro-e-467-anos-de-sampa\/","title":{"rendered":"&#8220;Cabe\u00e7a de Dinossauro&#8221; e 467 anos de Sampa&#8230;"},"content":{"rendered":"<p style=\"text-align: justify;\"><em>&#8220;Um dos maiores cl\u00e1ssicos do rock nacional, Cabe\u00e7a de Dinossauro&#8221; estava a caminho.&#8221; (Ricardo Moreira in &#8220;Cabe\u00e7a de Dinossauro, Tit\u00e3s, Encarte da Cole\u00e7\u00e3o Grande Discoteca Brasileira, 8, Editora Moderna, 2010)<\/em><\/p>\n<p style=\"text-align: justify;\"><strong><em>Ao NIVALDO\/Londrina, dedico!<\/em><\/strong><\/p>\n<p style=\"text-align: justify;\"><strong>S\u00e9rgio Barbosa (*) <\/strong><\/p>\n<p style=\"text-align: justify;\">Nos desencontros advindos pela comemora\u00e7\u00e3o dos &#8220;467 Anos&#8221; da maior cidade do Pa\u00eds do faz de conta, &#8220;S\u00e3o Paulo&#8221;, pode-se levantar diversas bandeiras deste ou daquele lado&#8230;<\/p>\n<p style=\"text-align: justify;\">Por\u00e9m, al\u00e9m da m\u00fasica &#8220;Sampa&#8221; do baiano Caetano Veloso em homenagem a capital dos paulistanos e paulistas, deve-se buscar outras dedicat\u00f3rias para a cidade que continua sendo um marco para todos os tupiniquins&#8230;<\/p>\n<p style=\"text-align: justify;\">Neste cen\u00e1rio musical, acredito que a banda de rock paulista, &#8220;Tit\u00e3s&#8221; pode ser considerada, ainda, uma das maiores expoentes deste ritmo musical que \u00e9 denominado de &#8220;Rock and Roll&#8221;&#8230;<\/p>\n<p style=\"text-align: justify;\">No \u00c1lbum &#8220;Cabe\u00e7a de Dinossauro&#8221; de 1.986 com 12 m\u00fasicas para colocar &#8220;fogo&#8221; na d\u00e9cada de 80, possibilitando novas diretrizes musicais para o Rock tupiniquim por meio das letras dos m\u00fasicos dos &#8220;Tit\u00e3s&#8221;&#8230;<\/p>\n<p style=\"text-align: justify;\">Entre as doze m\u00fasicas deste \u00c1lbum em pauta, deve-se registrar que todas foram sucessos, umas mais e outras menos, por\u00e9m, &#8220;Cabe\u00e7a de Dinossauro&#8221; tornou-se um dos denominados &#8220;\u00c1lbuns cl\u00e1ssicos&#8221; do Rock BRAZUKA&#8230;<\/p>\n<p style=\"text-align: justify;\">Mas, a musicalidade dos &#8220;7 Tit\u00e3s&#8221; desta \u00e9poca (1986) deve ser reverenciada de um jeito ou de outro neste novo tempo, ainda mais tendo o Anivers\u00e1rio de Sampa como pano de fundo para muitos olhares de um mesmo olhar&#8230;<\/p>\n<p style=\"text-align: justify;\">Faz alguns dias, ocorreram algumas a\u00e7\u00f5es na capital paulista em nome da justi\u00e7a pautada pelos desmandos do poder com o poder pelo poder em nome deste mesmo poder, haja vista a predomin\u00e2ncia dos pseudos &#8220;donos da verdade&#8221; em tempo de p\u00f3s-globaliza\u00e7\u00e3o midi\u00e1tica&#8230;<\/p>\n<p style=\"text-align: justify;\">Neste contexto plural para o senso comum que impera na maioria das institui\u00e7\u00f5es tupiniquins, bem como, na forma\u00e7\u00e3o familiar e ideol\u00f3gica da maioria das pessoas, uma das alternativas \u00e9 continuar pautando os textos, artigos e cr\u00f4nicas por meio da &#8220;ironia&#8221; frente \u00e0 opress\u00e3o pela repress\u00e3o que o poder exerce sobre os trabalhadores em n\u00edveis amplo, geral e irrestrito&#8230;<\/p>\n<p style=\"text-align: justify;\">Deste ou daquele lado, todos acabam do mesmo jeito, uns mais e outros menos, todavia, da &#8220;morte&#8221; ningu\u00e9m escapa e &#8220;do p\u00f3 viestes e para p\u00f3 ir\u00e1 retornar&#8221;, al\u00e9m disto, ou daquilo que fique o registro musical do \u00c1lbum &#8220;Cabe\u00e7a de Dinossauro&#8221; dos &#8220;Tit\u00e3s&#8221;, a saber: &#8220;&#8230; Pol\u00edcia pra quem precisa de Pol\u00edcia&#8230;&#8221;<\/p>\n<p style=\"text-align: justify;\"><em>________________________________________<\/em><\/p>\n<p style=\"text-align: justify;\"><em>(*) Jornalista diplomado e professor universit\u00e1rio.<\/em><\/p>\n<p style=\"text-align: justify;\">\n","protected":false},"excerpt":{"rendered":"<p>&#8220;Um dos maiores cl\u00e1ssicos do rock nacional, Cabe\u00e7a de Dinossauro&#8221; estava a caminho.&#8221; (Ricardo Moreira in &#8220;Cabe\u00e7a de Dinossauro, Tit\u00e3s, Encarte da Cole\u00e7\u00e3o Grande Discoteca Brasileira, 8, Editora Moderna, 2010) Ao NIVALDO\/Londrina, dedico! S\u00e9rgio Barbosa (*) Nos desencontros advindos pela comemora\u00e7\u00e3o dos &#8220;467 Anos&#8221; da maior cidade do Pa\u00eds do faz de conta, &#8220;S\u00e3o Paulo&#8221;, [&hellip;]<\/p>\n","protected":false},"author":1,"featured_media":42380,"comment_status":"closed","ping_status":"open","sticky":false,"template":"","format":"standard","meta":{"footnotes":""},"categories":[175],"tags":[],"class_list":["post-42379","post","type-post","status-publish","format-standard","has-post-thumbnail","hentry","category-artigos"],"_links":{"self":[{"href":"https:\/\/jorgezanoni.com.br\/2019\/wp-json\/wp\/v2\/posts\/42379","targetHints":{"allow":["GET"]}}],"collection":[{"href":"https:\/\/jorgezanoni.com.br\/2019\/wp-json\/wp\/v2\/posts"}],"about":[{"href":"https:\/\/jorgezanoni.com.br\/2019\/wp-json\/wp\/v2\/types\/post"}],"author":[{"embeddable":true,"href":"https:\/\/jorgezanoni.com.br\/2019\/wp-json\/wp\/v2\/users\/1"}],"replies":[{"embeddable":true,"href":"https:\/\/jorgezanoni.com.br\/2019\/wp-json\/wp\/v2\/comments?post=42379"}],"version-history":[{"count":0,"href":"https:\/\/jorgezanoni.com.br\/2019\/wp-json\/wp\/v2\/posts\/42379\/revisions"}],"wp:featuredmedia":[{"embeddable":true,"href":"https:\/\/jorgezanoni.com.br\/2019\/wp-json\/wp\/v2\/media\/42380"}],"wp:attachment":[{"href":"https:\/\/jorgezanoni.com.br\/2019\/wp-json\/wp\/v2\/media?parent=42379"}],"wp:term":[{"taxonomy":"category","embeddable":true,"href":"https:\/\/jorgezanoni.com.br\/2019\/wp-json\/wp\/v2\/categories?post=42379"},{"taxonomy":"post_tag","embeddable":true,"href":"https:\/\/jorgezanoni.com.br\/2019\/wp-json\/wp\/v2\/tags?post=42379"}],"curies":[{"name":"wp","href":"https:\/\/api.w.org\/{rel}","templated":true}]}}