{"id":42337,"date":"2021-01-26T21:21:15","date_gmt":"2021-01-26T21:21:15","guid":{"rendered":"https:\/\/jorgezanoni.com.br\/2019\/?p=42337"},"modified":"2021-01-26T21:21:15","modified_gmt":"2021-01-26T21:21:15","slug":"policia-militar-recebe-visita-do-poder-executivo-municipal-na-tarde-de-hoje","status":"publish","type":"post","link":"https:\/\/jorgezanoni.com.br\/2019\/policia-militar-recebe-visita-do-poder-executivo-municipal-na-tarde-de-hoje\/","title":{"rendered":"Pol\u00edcia Militar recebe visita do Poder Executivo Municipal na tarde de hoje"},"content":{"rendered":"<p style=\"text-align: justify;\">Na tarde de hoje (26) o Excelent\u00edssimo Sr. Andr\u00e9 Lemos, Prefeito de Dracena, o Sr Guido Baggio, vice prefeito do munic\u00edpio e Sr. Rodrigo Parra, secret\u00e1rio de governo, gabinete e desenvolvimento econ\u00f4mico, estiveram visitando a sede do 25 BPMI e tamb\u00e9m a 1\u00aa Companhia PM em Dracena.<br \/>\nNa visita foram recebidos pelo Tenente Coronel M\u00e1rio S\u00e9rgio Nonato e Capit\u00e3o PM Marcelo Cavalcante, Comandantes do Batalh\u00e3o e da 1\u00aa Companhia respectivamente.<\/p>\n<p><img loading=\"lazy\" decoding=\"async\" class=\"alignnone size-full wp-image-42338\" src=\"https:\/\/jorgezanoni.com.br\/2019\/wp-content\/uploads\/2021\/01\/visita.jpg\" alt=\"\" width=\"913\" height=\"480\" srcset=\"https:\/\/jorgezanoni.com.br\/2019\/wp-content\/uploads\/2021\/01\/visita.jpg 913w, https:\/\/jorgezanoni.com.br\/2019\/wp-content\/uploads\/2021\/01\/visita-300x158.jpg 300w, https:\/\/jorgezanoni.com.br\/2019\/wp-content\/uploads\/2021\/01\/visita-768x404.jpg 768w, https:\/\/jorgezanoni.com.br\/2019\/wp-content\/uploads\/2021\/01\/visita-696x366.jpg 696w, https:\/\/jorgezanoni.com.br\/2019\/wp-content\/uploads\/2021\/01\/visita-799x420.jpg 799w\" sizes=\"auto, (max-width: 913px) 100vw, 913px\" \/> <img loading=\"lazy\" decoding=\"async\" class=\"alignnone size-full wp-image-42339\" src=\"https:\/\/jorgezanoni.com.br\/2019\/wp-content\/uploads\/2021\/01\/visita1.jpg\" alt=\"\" width=\"907\" height=\"752\" srcset=\"https:\/\/jorgezanoni.com.br\/2019\/wp-content\/uploads\/2021\/01\/visita1.jpg 907w, https:\/\/jorgezanoni.com.br\/2019\/wp-content\/uploads\/2021\/01\/visita1-300x249.jpg 300w, https:\/\/jorgezanoni.com.br\/2019\/wp-content\/uploads\/2021\/01\/visita1-768x637.jpg 768w, https:\/\/jorgezanoni.com.br\/2019\/wp-content\/uploads\/2021\/01\/visita1-696x577.jpg 696w, https:\/\/jorgezanoni.com.br\/2019\/wp-content\/uploads\/2021\/01\/visita1-507x420.jpg 507w\" sizes=\"auto, (max-width: 907px) 100vw, 907px\" \/><\/p>\n<p>#25BPMI<br \/>\n#POLICIAMILITARSP<br \/>\n#AFOR\u00c7APUBLICADES\u00c3OPAULO<br \/>\nCOMUNICA\u00c7\u00c3O SOCIAL DO 25 BPMI e regi\u00e3o.<\/p>\n","protected":false},"excerpt":{"rendered":"<p>Na tarde de hoje (26) o Excelent\u00edssimo Sr. Andr\u00e9 Lemos, Prefeito de Dracena, o Sr Guido Baggio, vice prefeito do munic\u00edpio e Sr. Rodrigo Parra, secret\u00e1rio de governo, gabinete e desenvolvimento econ\u00f4mico, estiveram visitando a sede do 25 BPMI e tamb\u00e9m a 1\u00aa Companhia PM em Dracena. Na visita foram recebidos pelo Tenente Coronel M\u00e1rio [&hellip;]<\/p>\n","protected":false},"author":1,"featured_media":42340,"comment_status":"closed","ping_status":"open","sticky":false,"template":"","format":"standard","meta":{"footnotes":""},"categories":[110,2],"tags":[],"class_list":["post-42337","post","type-post","status-publish","format-standard","has-post-thumbnail","hentry","category-noticiasdestaque","category-policial"],"_links":{"self":[{"href":"https:\/\/jorgezanoni.com.br\/2019\/wp-json\/wp\/v2\/posts\/42337","targetHints":{"allow":["GET"]}}],"collection":[{"href":"https:\/\/jorgezanoni.com.br\/2019\/wp-json\/wp\/v2\/posts"}],"about":[{"href":"https:\/\/jorgezanoni.com.br\/2019\/wp-json\/wp\/v2\/types\/post"}],"author":[{"embeddable":true,"href":"https:\/\/jorgezanoni.com.br\/2019\/wp-json\/wp\/v2\/users\/1"}],"replies":[{"embeddable":true,"href":"https:\/\/jorgezanoni.com.br\/2019\/wp-json\/wp\/v2\/comments?post=42337"}],"version-history":[{"count":0,"href":"https:\/\/jorgezanoni.com.br\/2019\/wp-json\/wp\/v2\/posts\/42337\/revisions"}],"wp:featuredmedia":[{"embeddable":true,"href":"https:\/\/jorgezanoni.com.br\/2019\/wp-json\/wp\/v2\/media\/42340"}],"wp:attachment":[{"href":"https:\/\/jorgezanoni.com.br\/2019\/wp-json\/wp\/v2\/media?parent=42337"}],"wp:term":[{"taxonomy":"category","embeddable":true,"href":"https:\/\/jorgezanoni.com.br\/2019\/wp-json\/wp\/v2\/categories?post=42337"},{"taxonomy":"post_tag","embeddable":true,"href":"https:\/\/jorgezanoni.com.br\/2019\/wp-json\/wp\/v2\/tags?post=42337"}],"curies":[{"name":"wp","href":"https:\/\/api.w.org\/{rel}","templated":true}]}}