{"id":42334,"date":"2021-01-26T21:11:08","date_gmt":"2021-01-26T21:11:08","guid":{"rendered":"https:\/\/jorgezanoni.com.br\/2019\/?p=42334"},"modified":"2021-01-26T21:11:08","modified_gmt":"2021-01-26T21:11:08","slug":"policia-civil-esclarece-furto-ocorrido-em-salao-de-beleza-recupera-objetos-e-identifica-tres-suspeitos-em-pauliceia","status":"publish","type":"post","link":"https:\/\/jorgezanoni.com.br\/2019\/policia-civil-esclarece-furto-ocorrido-em-salao-de-beleza-recupera-objetos-e-identifica-tres-suspeitos-em-pauliceia\/","title":{"rendered":"Policia Civil esclarece furto ocorrido em Sal\u00e3o de Beleza, recupera objetos e identifica tr\u00eas suspeitos em Paulic\u00e9ia"},"content":{"rendered":"<p style=\"text-align: justify;\"><strong>POL\u00cdCIA CIVIL ESCLARECE FURTO OCORRIDO EM SAL\u00c3O DE BELEZA, RECUPERA OBJETOS E IDENTIFICA TR\u00caS SUSPEITOS EM PAULIC\u00c9IA.<\/strong><\/p>\n<p style=\"text-align: justify;\">Um adulto e dois adolescentes foram identificados como sendo suspeitos da autoria do furto. Todos os objetos subtra\u00eddos foram recuperados e devolvido ao propriet\u00e1rio do estabelecimento de beleza.<\/p>\n<p style=\"text-align: justify;\">A Pol\u00edcia Civil, por interm\u00e9dio da Delegacia de Pol\u00edcia de Paulic\u00e9ia, esclareceu nesta ter\u00e7a-feira (26), um furto a um sal\u00e3o de beleza, ocorrido na madrugada do \u00faltimo s\u00e1bado (23), na regi\u00e3o central de Paulic\u00e9ia. Um homem, de 29 anos, e dois adolescentes, ambos com 17 anos, foram identificados como suspeitos da autoria do crime e, com o trio foram recuperados todos os objetos levados do estabelecimento de beleza.<\/p>\n<p style=\"text-align: justify;\">Ap\u00f3s o caso ser registrado na unidade policial, os agentes do Setor Investiga\u00e7\u00e3o iniciaram as diligencias investigativas que acabaram identificando os supostos indiv\u00edduos.<\/p>\n<p style=\"text-align: justify;\">Conduzidos at\u00e9 a Delegacia de Pol\u00edcia o trio acabou confessando o crime praticado indicando onde o material furtado estava (caixa de som, alisadores de cabelo, sugador de p\u00f3, lixadeira de unhas, lixadeira para p\u00e9s, cabine de led UV, aparelho celular, esmaltes e shampoo) sendo os mesmos restitu\u00eddos para a v\u00edtima.<\/p>\n<p style=\"text-align: justify;\">Como n\u00e3o estavam presentes todos os requisitos do estado flagr\u00e2ncia, o homem foi liberado, ap\u00f3s prestar depoimento; j\u00e1 os adolescentes envolvidos ap\u00f3s serem ouvidos foram liberados aos seus respons\u00e1veis.<\/p>\n<p style=\"text-align: justify;\">O homem j\u00e1 era conhecido no meio policial, possuindo antecedentes criminais por crimes de furto e roubo, estando ainda em situa\u00e7\u00e3o prisional de benefici\u00e1rio de livramento condicional. E pelo novo delito ele poder\u00e1 responder pelos crimes de furto qualificado e corrup\u00e7\u00e3o de menores. Quanto aos dois adolescentes poder\u00e3o responder por ato infracional an\u00e1logo ao crime de furto qualificado.<\/p>\n<p style=\"text-align: justify;\">Diante das provas coletadas, a Autoridade Policial que preside o inqu\u00e9rito policial, ir\u00e1 representar pela concess\u00e3o do mandado de pris\u00e3o em face do maior pela conduta reiterada e tamb\u00e9m pela concess\u00e3o do mandado de interna\u00e7\u00e3o aos adolescentes envolvidos.<\/p>\n<p style=\"text-align: justify;\">Fonte: Com. Social Pol\u00edcia Civil<\/p>\n","protected":false},"excerpt":{"rendered":"<p>POL\u00cdCIA CIVIL ESCLARECE FURTO OCORRIDO EM SAL\u00c3O DE BELEZA, RECUPERA OBJETOS E IDENTIFICA TR\u00caS SUSPEITOS EM PAULIC\u00c9IA. Um adulto e dois adolescentes foram identificados como sendo suspeitos da autoria do furto. Todos os objetos subtra\u00eddos foram recuperados e devolvido ao propriet\u00e1rio do estabelecimento de beleza. A Pol\u00edcia Civil, por interm\u00e9dio da Delegacia de Pol\u00edcia de [&hellip;]<\/p>\n","protected":false},"author":1,"featured_media":42335,"comment_status":"closed","ping_status":"open","sticky":false,"template":"","format":"standard","meta":{"footnotes":""},"categories":[110,2],"tags":[],"class_list":["post-42334","post","type-post","status-publish","format-standard","has-post-thumbnail","hentry","category-noticiasdestaque","category-policial"],"_links":{"self":[{"href":"https:\/\/jorgezanoni.com.br\/2019\/wp-json\/wp\/v2\/posts\/42334","targetHints":{"allow":["GET"]}}],"collection":[{"href":"https:\/\/jorgezanoni.com.br\/2019\/wp-json\/wp\/v2\/posts"}],"about":[{"href":"https:\/\/jorgezanoni.com.br\/2019\/wp-json\/wp\/v2\/types\/post"}],"author":[{"embeddable":true,"href":"https:\/\/jorgezanoni.com.br\/2019\/wp-json\/wp\/v2\/users\/1"}],"replies":[{"embeddable":true,"href":"https:\/\/jorgezanoni.com.br\/2019\/wp-json\/wp\/v2\/comments?post=42334"}],"version-history":[{"count":0,"href":"https:\/\/jorgezanoni.com.br\/2019\/wp-json\/wp\/v2\/posts\/42334\/revisions"}],"wp:featuredmedia":[{"embeddable":true,"href":"https:\/\/jorgezanoni.com.br\/2019\/wp-json\/wp\/v2\/media\/42335"}],"wp:attachment":[{"href":"https:\/\/jorgezanoni.com.br\/2019\/wp-json\/wp\/v2\/media?parent=42334"}],"wp:term":[{"taxonomy":"category","embeddable":true,"href":"https:\/\/jorgezanoni.com.br\/2019\/wp-json\/wp\/v2\/categories?post=42334"},{"taxonomy":"post_tag","embeddable":true,"href":"https:\/\/jorgezanoni.com.br\/2019\/wp-json\/wp\/v2\/tags?post=42334"}],"curies":[{"name":"wp","href":"https:\/\/api.w.org\/{rel}","templated":true}]}}