{"id":42325,"date":"2021-01-26T19:48:27","date_gmt":"2021-01-26T19:48:27","guid":{"rendered":"https:\/\/jorgezanoni.com.br\/2019\/?p=42325"},"modified":"2021-01-26T19:48:45","modified_gmt":"2021-01-26T19:48:45","slug":"unifadra-dracena-firma-convenio-com-fies","status":"publish","type":"post","link":"https:\/\/jorgezanoni.com.br\/2019\/unifadra-dracena-firma-convenio-com-fies\/","title":{"rendered":"Unifadra Dracena firma conv\u00eanio com FIES"},"content":{"rendered":"<p dir=\"ltr\" style=\"text-align: justify;\"><strong>Dentre os cursos da Unifadra contemplados pelo MEC, Medicina contar\u00e1 com 21 vagas para o financiamento.<\/strong><\/p>\n<p dir=\"ltr\" style=\"text-align: justify;\">A Unifadra Dracena, unidade mantida pela Fundec, firmou conv\u00eanio com o Fundo de Financiamento Estudantil &#8211; FIES, do Minist\u00e9rio da Educa\u00e7\u00e3o &#8211; MEC. Para 2021, o MEC disponibilizou 27 vagas para a Unifadra, de um total de 180 vagas que haviam sido solicitadas.<br \/>\nAs vagas s\u00e3o destinadas para alunos matriculados nos cursos de An\u00e1lise e Desenvolvimento de Sistemas (1 vaga); Educa\u00e7\u00e3o F\u00edsica (1 vaga); Enfermagem (3 vagas); Medicina (21 vagas) e Psicologia (1 vaga).<\/p>\n<p dir=\"ltr\" style=\"text-align: justify;\">O diretor acad\u00eamico da Unifadra Prof. Dr. Enio Garbelini explicou que os alunos matriculados que tiverem interesse dever\u00e3o se inscrever exclusivamente pelo site do FIES (<a href=\"http:\/\/portalfies.mec.gov.br\/\" target=\"_blank\" rel=\"noopener noreferrer\">http:\/\/portalfies.mec.gov.br\/<\/a>), de 26 a 29 de janeiro de 2021.<br \/>\n\u00c9 necess\u00e1rio que o candidato tenha participado do ENEM (Exame Nacional do Ensino M\u00e9dio) a partir de 2010, obtido nota igual ou superior a 450 na m\u00e9dia das provas e n\u00e3o ter zerado na reda\u00e7\u00e3o.<br \/>\nO edital com todas as regras e orienta\u00e7\u00f5es est\u00e1 dispon\u00edvel no link das inscri\u00e7\u00f5es.<br \/>\n&#8220;O FIES \u00e9 uma grande oportunidade para os alunos que necessitam de um financiamento para realizar o sonho de fazer um curso superior&#8221;, comentou Enio Garbelini.<\/p>\n<p dir=\"ltr\" style=\"text-align: justify;\">Mais informa\u00e7\u00f5es na Secretaria Geral da Fundec: Rua Bahia, 332 &#8211; Bairro Metr\u00f3pole. (18) 3821-9009 ou Whatsapp (18) 99605-9663.<span id=\"gmail-docs-internal-guid-3ac912eb-7fff-95ee-44dd-d9f2ed7d4fe8\"><\/span><\/p>\n<div class=\"gmail_signature\" dir=\"ltr\">\n<div dir=\"ltr\" style=\"text-align: justify;\">Carolina Colnago<br \/>\nAssistente de Comunica\u00e7\u00e3o<br \/>\nFunda\u00e7\u00e3o Dracenense de Educa\u00e7\u00e3o e Cultura<\/div>\n<\/div>\n","protected":false},"excerpt":{"rendered":"<p>Dentre os cursos da Unifadra contemplados pelo MEC, Medicina contar\u00e1 com 21 vagas para o financiamento. A Unifadra Dracena, unidade mantida pela Fundec, firmou conv\u00eanio com o Fundo de Financiamento Estudantil &#8211; FIES, do Minist\u00e9rio da Educa\u00e7\u00e3o &#8211; MEC. Para 2021, o MEC disponibilizou 27 vagas para a Unifadra, de um total de 180 vagas [&hellip;]<\/p>\n","protected":false},"author":1,"featured_media":42326,"comment_status":"closed","ping_status":"open","sticky":false,"template":"","format":"standard","meta":{"footnotes":""},"categories":[122],"tags":[],"class_list":["post-42325","post","type-post","status-publish","format-standard","has-post-thumbnail","hentry","category-saudeeducacaoeconcurso"],"_links":{"self":[{"href":"https:\/\/jorgezanoni.com.br\/2019\/wp-json\/wp\/v2\/posts\/42325","targetHints":{"allow":["GET"]}}],"collection":[{"href":"https:\/\/jorgezanoni.com.br\/2019\/wp-json\/wp\/v2\/posts"}],"about":[{"href":"https:\/\/jorgezanoni.com.br\/2019\/wp-json\/wp\/v2\/types\/post"}],"author":[{"embeddable":true,"href":"https:\/\/jorgezanoni.com.br\/2019\/wp-json\/wp\/v2\/users\/1"}],"replies":[{"embeddable":true,"href":"https:\/\/jorgezanoni.com.br\/2019\/wp-json\/wp\/v2\/comments?post=42325"}],"version-history":[{"count":0,"href":"https:\/\/jorgezanoni.com.br\/2019\/wp-json\/wp\/v2\/posts\/42325\/revisions"}],"wp:featuredmedia":[{"embeddable":true,"href":"https:\/\/jorgezanoni.com.br\/2019\/wp-json\/wp\/v2\/media\/42326"}],"wp:attachment":[{"href":"https:\/\/jorgezanoni.com.br\/2019\/wp-json\/wp\/v2\/media?parent=42325"}],"wp:term":[{"taxonomy":"category","embeddable":true,"href":"https:\/\/jorgezanoni.com.br\/2019\/wp-json\/wp\/v2\/categories?post=42325"},{"taxonomy":"post_tag","embeddable":true,"href":"https:\/\/jorgezanoni.com.br\/2019\/wp-json\/wp\/v2\/tags?post=42325"}],"curies":[{"name":"wp","href":"https:\/\/api.w.org\/{rel}","templated":true}]}}