{"id":42322,"date":"2021-01-26T18:54:09","date_gmt":"2021-01-26T18:54:09","guid":{"rendered":"https:\/\/jorgezanoni.com.br\/2019\/?p=42322"},"modified":"2021-01-26T18:54:09","modified_gmt":"2021-01-26T18:54:09","slug":"edital-de-processo-seletivo-para-estagios-na-prefeitura-de-dracena-sofre-alteracoes-confira","status":"publish","type":"post","link":"https:\/\/jorgezanoni.com.br\/2019\/edital-de-processo-seletivo-para-estagios-na-prefeitura-de-dracena-sofre-alteracoes-confira\/","title":{"rendered":"Edital de Processo Seletivo para Est\u00e1gios na Prefeitura de Dracena sofre altera\u00e7\u00f5es: confira"},"content":{"rendered":"<div id=\"titulo\">\n<div class=\"tituloTextoVereador text-center\" style=\"text-align: justify;\"><strong><em>Inscri\u00e7\u00f5es come\u00e7am amanh\u00e3 apenas via e-mail e terminam nesta sexta-feira, 29.<\/em><\/strong><\/div>\n<div><\/div>\n<\/div>\n<div>\n<div id=\"cont-noticia\">\n<p style=\"text-align: justify;\">A Prefeitura Municipal de Dracena, atrav\u00e9s da Secretaria de Administra\u00e7\u00e3o retificou o edital de abertura de inscri\u00e7\u00e3o para estudantes interessados em estagiar nas Secretarias Municipais e ratifica as demais informa\u00e7\u00f5es constantes do referido edital.<\/p>\n<p style=\"text-align: justify;\">Acrescentar uma vaga para a Secretaria de Planejamento e A\u00e7\u00f5es Estrat\u00e9gicas, destinada a estudantes de Administra\u00e7\u00e3o e ou Ci\u00eancia Cont\u00e1beis, com carga hor\u00e1ria de 6 horas di\u00e1rias, valor da bolsa est\u00e1gio em R$ 641,54.<\/p>\n<p style=\"text-align: justify;\">Ainda alterou a forma de realiza\u00e7\u00e3o da inscri\u00e7\u00e3o que dever\u00e1 ser efetuada via e-mail para o seguinte endere\u00e7o:\u00a0<a href=\"mailto:rhinscricaoestagio@dracena.sp.gov.br\"><strong>rhinscricaoestagio@dracena.sp.gov.br<\/strong><\/a>. O candidato dever\u00e1 efetuar o &#8220;download&#8221; da ficha de inscri\u00e7\u00e3o no site da Prefeitura\u00a0<a href=\"https:\/\/www.dracena.sp.gov.br\/?pag=T0RZPU9EYz1PR009T1RrPU9EWT1PVEE9T1dFPQ==&amp;view=LIST-EDT&amp;id=10763\">www.dracena.sp.gov.br&gt;Atos Oficiais&gt;Processo Seletivo&gt;2021<\/a>\u00a0preench\u00ea-la com os dados solicitados e anexar ao e-mail. Tamb\u00e9m anexar os documentos exigidos para efetuar a inscri\u00e7\u00e3o, em formato PDF: (C\u00f3pia do CPF, C\u00f3pia do R.G, C\u00f3pia do comprovante de resid\u00eancia, C\u00f3pia da certid\u00e3o de nascimento ou casamento, \u00daltimo Boletim escolar (notas e frequ\u00eancia), Atestado de matr\u00edcula atual expedido pela Unidade Escolar, Curr\u00edculo).<\/p>\n<p style=\"text-align: justify;\">As inscri\u00e7\u00f5es ser\u00e3o recebidas amanh\u00e3, 27; quinta-feira, 28, e at\u00e9 \u00e0s 16h de sexta-feira, 29.<\/p>\n<p style=\"text-align: justify;\">Fonte:<\/p>\n<p style=\"text-align: justify;\">DIRETORIA DE COMUNICA\u00c7\u00c3O<\/p>\n<p style=\"text-align: justify;\">Prefeitura<\/p>\n<p>Imagem Ilustrativa<\/p>\n<\/div>\n<\/div>\n","protected":false},"excerpt":{"rendered":"<p>Inscri\u00e7\u00f5es come\u00e7am amanh\u00e3 apenas via e-mail e terminam nesta sexta-feira, 29. A Prefeitura Municipal de Dracena, atrav\u00e9s da Secretaria de Administra\u00e7\u00e3o retificou o edital de abertura de inscri\u00e7\u00e3o para estudantes interessados em estagiar nas Secretarias Municipais e ratifica as demais informa\u00e7\u00f5es constantes do referido edital. Acrescentar uma vaga para a Secretaria de Planejamento e A\u00e7\u00f5es [&hellip;]<\/p>\n","protected":false},"author":1,"featured_media":42323,"comment_status":"closed","ping_status":"open","sticky":false,"template":"","format":"standard","meta":{"footnotes":""},"categories":[122],"tags":[],"class_list":["post-42322","post","type-post","status-publish","format-standard","has-post-thumbnail","hentry","category-saudeeducacaoeconcurso"],"_links":{"self":[{"href":"https:\/\/jorgezanoni.com.br\/2019\/wp-json\/wp\/v2\/posts\/42322","targetHints":{"allow":["GET"]}}],"collection":[{"href":"https:\/\/jorgezanoni.com.br\/2019\/wp-json\/wp\/v2\/posts"}],"about":[{"href":"https:\/\/jorgezanoni.com.br\/2019\/wp-json\/wp\/v2\/types\/post"}],"author":[{"embeddable":true,"href":"https:\/\/jorgezanoni.com.br\/2019\/wp-json\/wp\/v2\/users\/1"}],"replies":[{"embeddable":true,"href":"https:\/\/jorgezanoni.com.br\/2019\/wp-json\/wp\/v2\/comments?post=42322"}],"version-history":[{"count":0,"href":"https:\/\/jorgezanoni.com.br\/2019\/wp-json\/wp\/v2\/posts\/42322\/revisions"}],"wp:featuredmedia":[{"embeddable":true,"href":"https:\/\/jorgezanoni.com.br\/2019\/wp-json\/wp\/v2\/media\/42323"}],"wp:attachment":[{"href":"https:\/\/jorgezanoni.com.br\/2019\/wp-json\/wp\/v2\/media?parent=42322"}],"wp:term":[{"taxonomy":"category","embeddable":true,"href":"https:\/\/jorgezanoni.com.br\/2019\/wp-json\/wp\/v2\/categories?post=42322"},{"taxonomy":"post_tag","embeddable":true,"href":"https:\/\/jorgezanoni.com.br\/2019\/wp-json\/wp\/v2\/tags?post=42322"}],"curies":[{"name":"wp","href":"https:\/\/api.w.org\/{rel}","templated":true}]}}