{"id":42305,"date":"2021-01-26T14:52:38","date_gmt":"2021-01-26T14:52:38","guid":{"rendered":"https:\/\/jorgezanoni.com.br\/2019\/?p=42305"},"modified":"2021-01-26T14:52:38","modified_gmt":"2021-01-26T14:52:38","slug":"mesmo-com-pandemia-idosos-assistidos-pelo-projeto-quero-vida-recebem-atendimento-com-todos-os-cuidados","status":"publish","type":"post","link":"https:\/\/jorgezanoni.com.br\/2019\/mesmo-com-pandemia-idosos-assistidos-pelo-projeto-quero-vida-recebem-atendimento-com-todos-os-cuidados\/","title":{"rendered":"Mesmo com pandemia, idosos assistidos pelo Projeto Quero Vida recebem atendimento com todos os cuidados"},"content":{"rendered":"<p style=\"text-align: justify;\"><strong>H\u00e1 poucos dias, houve a comemora\u00e7\u00e3o dos aniversariantes do m\u00eas, seguindo os protocolos sanit\u00e1rios.<\/strong><\/p>\n<p style=\"text-align: justify;\">Os assistidos pelo Projeto Quero Vida, da Secretaria de Assist\u00eancia Social de Dracena est\u00e3o recebendo a visita dos profissionais da unidade, em raz\u00e3o da pandemia do covid 19, evitando assim aglomera\u00e7\u00f5es.<\/p>\n<p style=\"text-align: justify;\">H\u00e1 poucos dias, os idosos aniversariantes tiveram surpresas em seus lares. A equipe do projeto foi \u00e0s casas e com muita alegria comemorou os anivers\u00e1rios do m\u00eas, no \u00faltimo dia 11, do senhor Jos\u00e9 Bernardo Ver\u00e7osa, 95 anos, e da dona Eug\u00eania Nicocelli de Melo, dia 15, de 91 anos.<\/p>\n<p style=\"text-align: justify;\">O Projeto Quero Vida existe em Dracena desde 2012, atende atualmente 16 idosos, na faixa de 67 a 98 anos. \u201cCom a pandemia tivemos que fazer modifica\u00e7\u00f5es. O atendimento tem sido de forma remota garantindo o acesso \u00e0 sa\u00fade, proporcionando atividades que visam ocupar a mente deles, auxili\u00e1-los a passarem por esse isolamento de forma mais tranquila, evitando sentimento de solid\u00e3o\u201d, comentou a coordenadora do projeto Rosana Falc\u00e3o ressaltando que as a\u00e7\u00f5es t\u00eam sido realizadas atrav\u00e9s de visitas domiciliares sempre mantendo o distanciamento social.<\/p>\n<p style=\"text-align: justify;\">Diretoria de Comunica\u00e7\u00e3o Prefeitura<\/p>\n<p style=\"text-align: justify;\"><img loading=\"lazy\" decoding=\"async\" class=\"alignnone size-full wp-image-42306\" src=\"https:\/\/jorgezanoni.com.br\/2019\/wp-content\/uploads\/2021\/01\/Eugenia.jpg\" alt=\"\" width=\"1024\" height=\"768\" srcset=\"https:\/\/jorgezanoni.com.br\/2019\/wp-content\/uploads\/2021\/01\/Eugenia.jpg 1024w, https:\/\/jorgezanoni.com.br\/2019\/wp-content\/uploads\/2021\/01\/Eugenia-300x225.jpg 300w, https:\/\/jorgezanoni.com.br\/2019\/wp-content\/uploads\/2021\/01\/Eugenia-768x576.jpg 768w, https:\/\/jorgezanoni.com.br\/2019\/wp-content\/uploads\/2021\/01\/Eugenia-80x60.jpg 80w, https:\/\/jorgezanoni.com.br\/2019\/wp-content\/uploads\/2021\/01\/Eugenia-265x198.jpg 265w, https:\/\/jorgezanoni.com.br\/2019\/wp-content\/uploads\/2021\/01\/Eugenia-696x522.jpg 696w, https:\/\/jorgezanoni.com.br\/2019\/wp-content\/uploads\/2021\/01\/Eugenia-560x420.jpg 560w\" sizes=\"auto, (max-width: 1024px) 100vw, 1024px\" \/>Dona Eug\u00eania Nicocelli de Melo, 91 anos, com equipe do projeto e familiares<\/p>\n<p style=\"text-align: justify;\"><img loading=\"lazy\" decoding=\"async\" class=\"alignnone size-full wp-image-42307\" src=\"https:\/\/jorgezanoni.com.br\/2019\/wp-content\/uploads\/2021\/01\/jose.jpg\" alt=\"\" width=\"768\" height=\"1024\" srcset=\"https:\/\/jorgezanoni.com.br\/2019\/wp-content\/uploads\/2021\/01\/jose.jpg 768w, https:\/\/jorgezanoni.com.br\/2019\/wp-content\/uploads\/2021\/01\/jose-225x300.jpg 225w, https:\/\/jorgezanoni.com.br\/2019\/wp-content\/uploads\/2021\/01\/jose-696x928.jpg 696w, https:\/\/jorgezanoni.com.br\/2019\/wp-content\/uploads\/2021\/01\/jose-315x420.jpg 315w\" sizes=\"auto, (max-width: 768px) 100vw, 768px\" \/>Aniversariantes sr. Jos\u00e9 Bernardo Ver\u00e7osa, 95 anos<\/p>\n<p style=\"text-align: justify;\">\n","protected":false},"excerpt":{"rendered":"<p>H\u00e1 poucos dias, houve a comemora\u00e7\u00e3o dos aniversariantes do m\u00eas, seguindo os protocolos sanit\u00e1rios. Os assistidos pelo Projeto Quero Vida, da Secretaria de Assist\u00eancia Social de Dracena est\u00e3o recebendo a visita dos profissionais da unidade, em raz\u00e3o da pandemia do covid 19, evitando assim aglomera\u00e7\u00f5es. H\u00e1 poucos dias, os idosos aniversariantes tiveram surpresas em seus [&hellip;]<\/p>\n","protected":false},"author":1,"featured_media":42306,"comment_status":"closed","ping_status":"open","sticky":false,"template":"","format":"standard","meta":{"footnotes":""},"categories":[179,184,110],"tags":[],"class_list":["post-42305","post","type-post","status-publish","format-standard","has-post-thumbnail","hentry","category-cidadeseregiao","category-dracena","category-noticiasdestaque"],"_links":{"self":[{"href":"https:\/\/jorgezanoni.com.br\/2019\/wp-json\/wp\/v2\/posts\/42305","targetHints":{"allow":["GET"]}}],"collection":[{"href":"https:\/\/jorgezanoni.com.br\/2019\/wp-json\/wp\/v2\/posts"}],"about":[{"href":"https:\/\/jorgezanoni.com.br\/2019\/wp-json\/wp\/v2\/types\/post"}],"author":[{"embeddable":true,"href":"https:\/\/jorgezanoni.com.br\/2019\/wp-json\/wp\/v2\/users\/1"}],"replies":[{"embeddable":true,"href":"https:\/\/jorgezanoni.com.br\/2019\/wp-json\/wp\/v2\/comments?post=42305"}],"version-history":[{"count":0,"href":"https:\/\/jorgezanoni.com.br\/2019\/wp-json\/wp\/v2\/posts\/42305\/revisions"}],"wp:featuredmedia":[{"embeddable":true,"href":"https:\/\/jorgezanoni.com.br\/2019\/wp-json\/wp\/v2\/media\/42306"}],"wp:attachment":[{"href":"https:\/\/jorgezanoni.com.br\/2019\/wp-json\/wp\/v2\/media?parent=42305"}],"wp:term":[{"taxonomy":"category","embeddable":true,"href":"https:\/\/jorgezanoni.com.br\/2019\/wp-json\/wp\/v2\/categories?post=42305"},{"taxonomy":"post_tag","embeddable":true,"href":"https:\/\/jorgezanoni.com.br\/2019\/wp-json\/wp\/v2\/tags?post=42305"}],"curies":[{"name":"wp","href":"https:\/\/api.w.org\/{rel}","templated":true}]}}