{"id":42301,"date":"2021-01-26T14:38:09","date_gmt":"2021-01-26T14:38:09","guid":{"rendered":"https:\/\/jorgezanoni.com.br\/2019\/?p=42301"},"modified":"2021-01-26T14:38:09","modified_gmt":"2021-01-26T14:38:09","slug":"vigilancia-epidemiologica-registra-11-casos-de-dengue","status":"publish","type":"post","link":"https:\/\/jorgezanoni.com.br\/2019\/vigilancia-epidemiologica-registra-11-casos-de-dengue\/","title":{"rendered":"Vigil\u00e2ncia Epidemiol\u00f3gica registra 11 casos de Dengue"},"content":{"rendered":"<p style=\"text-align: justify;\"><strong>\u00c9 importante ficar atento quanto \u00e0 \u00e1gua parada evitando a procria\u00e7\u00e3o do mosquito.<\/strong><\/p>\n<p style=\"text-align: justify;\">Ver\u00e3o \u00e9 uma \u00e9poca de grande preocupa\u00e7\u00e3o com o mosquito Aedes aegypti. N\u00e3o se pode descuidar tanto dentro de casa quanto fora, com rela\u00e7\u00e3o \u00e0 \u00e1gua parada.<\/p>\n<p style=\"text-align: justify;\">No ano passado, foram registrados no munic\u00edpio, conforme informa\u00e7\u00e3o da Vigil\u00e2ncia Epidemiol\u00f3gica, 3.065 casos positivos de dengue e ainda tr\u00eas \u00f3bitos decorrentes da doen\u00e7a.<\/p>\n<p style=\"text-align: justify;\">No per\u00edodo de 1\u00b0 de janeiro at\u00e9 ontem, 25, foram computados 11 casos de dengue, segundo dados da VE. No ano passado, no per\u00edodo citado o levantamento mostrou que havia 139 casos confirmados de dengue.<\/p>\n<p style=\"text-align: justify;\">Aline Andrade, respons\u00e1vel por Informa\u00e7\u00e3o, Educa\u00e7\u00e3o e Comunica\u00e7\u00e3o da\u00a0VE\u00a0afirmou que os agentes de sa\u00fade est\u00e3o realizando as visitas de rotina, de bloqueio e efetuando a nebuliza\u00e7\u00e3o quando h\u00e1 casos positivos, al\u00e9m de aplicar multas quando encontram recipientes com \u00e1gua parada e larvas. A multa corresponde a 05 UFM, para pessoa f\u00edsica, e 20 UFM, para pessoa jur\u00eddica.<\/p>\n<p><img loading=\"lazy\" decoding=\"async\" class=\"alignnone size-full wp-image-42303\" src=\"https:\/\/jorgezanoni.com.br\/2019\/wp-content\/uploads\/2021\/01\/dengue-2.jpeg\" alt=\"\" width=\"774\" height=\"1032\" srcset=\"https:\/\/jorgezanoni.com.br\/2019\/wp-content\/uploads\/2021\/01\/dengue-2.jpeg 774w, https:\/\/jorgezanoni.com.br\/2019\/wp-content\/uploads\/2021\/01\/dengue-2-225x300.jpeg 225w, https:\/\/jorgezanoni.com.br\/2019\/wp-content\/uploads\/2021\/01\/dengue-2-768x1024.jpeg 768w, https:\/\/jorgezanoni.com.br\/2019\/wp-content\/uploads\/2021\/01\/dengue-2-696x928.jpeg 696w, https:\/\/jorgezanoni.com.br\/2019\/wp-content\/uploads\/2021\/01\/dengue-2-315x420.jpeg 315w\" sizes=\"auto, (max-width: 774px) 100vw, 774px\" \/><\/p>\n<p style=\"text-align: justify;\">Diretoria de Comunica\u00e7\u00e3o\u00a0Prefeitura Dracena<\/p>\n","protected":false},"excerpt":{"rendered":"<p>\u00c9 importante ficar atento quanto \u00e0 \u00e1gua parada evitando a procria\u00e7\u00e3o do mosquito. Ver\u00e3o \u00e9 uma \u00e9poca de grande preocupa\u00e7\u00e3o com o mosquito Aedes aegypti. N\u00e3o se pode descuidar tanto dentro de casa quanto fora, com rela\u00e7\u00e3o \u00e0 \u00e1gua parada. No ano passado, foram registrados no munic\u00edpio, conforme informa\u00e7\u00e3o da Vigil\u00e2ncia Epidemiol\u00f3gica, 3.065 casos positivos [&hellip;]<\/p>\n","protected":false},"author":1,"featured_media":42302,"comment_status":"closed","ping_status":"open","sticky":false,"template":"","format":"standard","meta":{"footnotes":""},"categories":[179,184,110],"tags":[],"class_list":["post-42301","post","type-post","status-publish","format-standard","has-post-thumbnail","hentry","category-cidadeseregiao","category-dracena","category-noticiasdestaque"],"_links":{"self":[{"href":"https:\/\/jorgezanoni.com.br\/2019\/wp-json\/wp\/v2\/posts\/42301","targetHints":{"allow":["GET"]}}],"collection":[{"href":"https:\/\/jorgezanoni.com.br\/2019\/wp-json\/wp\/v2\/posts"}],"about":[{"href":"https:\/\/jorgezanoni.com.br\/2019\/wp-json\/wp\/v2\/types\/post"}],"author":[{"embeddable":true,"href":"https:\/\/jorgezanoni.com.br\/2019\/wp-json\/wp\/v2\/users\/1"}],"replies":[{"embeddable":true,"href":"https:\/\/jorgezanoni.com.br\/2019\/wp-json\/wp\/v2\/comments?post=42301"}],"version-history":[{"count":0,"href":"https:\/\/jorgezanoni.com.br\/2019\/wp-json\/wp\/v2\/posts\/42301\/revisions"}],"wp:featuredmedia":[{"embeddable":true,"href":"https:\/\/jorgezanoni.com.br\/2019\/wp-json\/wp\/v2\/media\/42302"}],"wp:attachment":[{"href":"https:\/\/jorgezanoni.com.br\/2019\/wp-json\/wp\/v2\/media?parent=42301"}],"wp:term":[{"taxonomy":"category","embeddable":true,"href":"https:\/\/jorgezanoni.com.br\/2019\/wp-json\/wp\/v2\/categories?post=42301"},{"taxonomy":"post_tag","embeddable":true,"href":"https:\/\/jorgezanoni.com.br\/2019\/wp-json\/wp\/v2\/tags?post=42301"}],"curies":[{"name":"wp","href":"https:\/\/api.w.org\/{rel}","templated":true}]}}