{"id":42272,"date":"2021-01-25T20:29:18","date_gmt":"2021-01-25T20:29:18","guid":{"rendered":"https:\/\/jorgezanoni.com.br\/2019\/?p=42272"},"modified":"2021-01-25T20:29:18","modified_gmt":"2021-01-25T20:29:18","slug":"administracao-executiva-de-pacaembu-visita-sede-do-25o-bpm-i-em-dracena","status":"publish","type":"post","link":"https:\/\/jorgezanoni.com.br\/2019\/administracao-executiva-de-pacaembu-visita-sede-do-25o-bpm-i-em-dracena\/","title":{"rendered":"Administra\u00e7\u00e3o executiva de Pacaembu visita sede do 25\u00ba BPM\/I em Dracena"},"content":{"rendered":"<div class=\"kvgmc6g5 cxmmr5t8 oygrvhab hcukyx3x c1et5uql ii04i59q\">\n<div dir=\"auto\" style=\"text-align: justify;\">Na tarde de hoje (25) o Excelent\u00edssimo Sr. Jo\u00e3o Francisco, Prefeito de Pacaembu e o Sr Moacir estiveram visitando a sede do 25 BPMI.<\/div>\n<div dir=\"auto\" style=\"text-align: justify;\">Na visita foram recebidos pelo Major PM Ivan Garcia de Oliveira, subcomandante do Batalh\u00e3o e pelo Capit\u00e3o PM Jose Aparecido Cavalari J\u00fanior, Comandante da For\u00e7a T\u00e1tica.<\/div>\n<div dir=\"auto\"><\/div>\n<\/div>\n<div dir=\"auto\"><img loading=\"lazy\" decoding=\"async\" class=\"alignnone size-full wp-image-42274\" src=\"https:\/\/jorgezanoni.com.br\/2019\/wp-content\/uploads\/2021\/01\/paca1.jpg\" alt=\"\" width=\"960\" height=\"720\" srcset=\"https:\/\/jorgezanoni.com.br\/2019\/wp-content\/uploads\/2021\/01\/paca1.jpg 960w, https:\/\/jorgezanoni.com.br\/2019\/wp-content\/uploads\/2021\/01\/paca1-300x225.jpg 300w, https:\/\/jorgezanoni.com.br\/2019\/wp-content\/uploads\/2021\/01\/paca1-768x576.jpg 768w, https:\/\/jorgezanoni.com.br\/2019\/wp-content\/uploads\/2021\/01\/paca1-80x60.jpg 80w, https:\/\/jorgezanoni.com.br\/2019\/wp-content\/uploads\/2021\/01\/paca1-265x198.jpg 265w, https:\/\/jorgezanoni.com.br\/2019\/wp-content\/uploads\/2021\/01\/paca1-696x522.jpg 696w, https:\/\/jorgezanoni.com.br\/2019\/wp-content\/uploads\/2021\/01\/paca1-560x420.jpg 560w\" sizes=\"auto, (max-width: 960px) 100vw, 960px\" \/><\/div>\n<div class=\"kvgmc6g5 cxmmr5t8 oygrvhab hcukyx3x c1et5uql ii04i59q\">\n<div dir=\"auto\" style=\"text-align: justify;\"><\/div>\n<\/div>\n<div class=\"o9v6fnle cxmmr5t8 oygrvhab hcukyx3x c1et5uql ii04i59q\">\n<div dir=\"auto\" style=\"text-align: justify;\"><a class=\"oajrlxb2 g5ia77u1 qu0x051f esr5mh6w e9989ue4 r7d6kgcz rq0escxv nhd2j8a9 nc684nl6 p7hjln8o kvgmc6g5 cxmmr5t8 oygrvhab hcukyx3x jb3vyjys rz4wbd8a qt6c0cv9 a8nywdso i1ao9s8h esuyzwwr f1sip0of lzcic4wl q66pz984 gpro0wi8 b1v8xokw\" tabindex=\"0\" role=\"link\" href=\"https:\/\/www.facebook.com\/hashtag\/25bpmi?__eep__=6&amp;__cft__[0]=AZU0GBU_ELxzTBM_AaPszcBeslowCMfrm8bdWlRcKsMuqNAE1iAZNkEXtqY4qw48I9_qKTgu3END_zHfbl7fY0UZ3WozkjI3iw12X4sFJJ0ulRQxDxMVbQqAPBl3gIp2D5qmq7YNakhu7sQJY4PtPa-D&amp;__tn__=*NK-R\">#25BPMI<\/a><\/div>\n<div dir=\"auto\" style=\"text-align: justify;\"><a class=\"oajrlxb2 g5ia77u1 qu0x051f esr5mh6w e9989ue4 r7d6kgcz rq0escxv nhd2j8a9 nc684nl6 p7hjln8o kvgmc6g5 cxmmr5t8 oygrvhab hcukyx3x jb3vyjys rz4wbd8a qt6c0cv9 a8nywdso i1ao9s8h esuyzwwr f1sip0of lzcic4wl q66pz984 gpro0wi8 b1v8xokw\" tabindex=\"0\" role=\"link\" href=\"https:\/\/www.facebook.com\/hashtag\/policiamilitarsp?__eep__=6&amp;__cft__[0]=AZU0GBU_ELxzTBM_AaPszcBeslowCMfrm8bdWlRcKsMuqNAE1iAZNkEXtqY4qw48I9_qKTgu3END_zHfbl7fY0UZ3WozkjI3iw12X4sFJJ0ulRQxDxMVbQqAPBl3gIp2D5qmq7YNakhu7sQJY4PtPa-D&amp;__tn__=*NK-R\">#POLICIAMILITARSP<\/a><\/div>\n<div dir=\"auto\" style=\"text-align: justify;\"><a class=\"oajrlxb2 g5ia77u1 qu0x051f esr5mh6w e9989ue4 r7d6kgcz rq0escxv nhd2j8a9 nc684nl6 p7hjln8o kvgmc6g5 cxmmr5t8 oygrvhab hcukyx3x jb3vyjys rz4wbd8a qt6c0cv9 a8nywdso i1ao9s8h esuyzwwr f1sip0of lzcic4wl q66pz984 gpro0wi8 b1v8xokw\" tabindex=\"0\" role=\"link\" href=\"https:\/\/www.facebook.com\/hashtag\/afor%C3%A7apublicades%C3%A3opaulo?__eep__=6&amp;__cft__[0]=AZU0GBU_ELxzTBM_AaPszcBeslowCMfrm8bdWlRcKsMuqNAE1iAZNkEXtqY4qw48I9_qKTgu3END_zHfbl7fY0UZ3WozkjI3iw12X4sFJJ0ulRQxDxMVbQqAPBl3gIp2D5qmq7YNakhu7sQJY4PtPa-D&amp;__tn__=*NK-R\">#AFOR\u00c7APUBLICADES\u00c3OPAULO<\/a><\/div>\n<div dir=\"auto\" style=\"text-align: justify;\">COMUNICA\u00c7\u00c3O SOCIAL DO 25 BPMI e regi\u00e3o.<\/div>\n<\/div>\n","protected":false},"excerpt":{"rendered":"<p>Na tarde de hoje (25) o Excelent\u00edssimo Sr. Jo\u00e3o Francisco, Prefeito de Pacaembu e o Sr Moacir estiveram visitando a sede do 25 BPMI. Na visita foram recebidos pelo Major PM Ivan Garcia de Oliveira, subcomandante do Batalh\u00e3o e pelo Capit\u00e3o PM Jose Aparecido Cavalari J\u00fanior, Comandante da For\u00e7a T\u00e1tica. #25BPMI #POLICIAMILITARSP #AFOR\u00c7APUBLICADES\u00c3OPAULO COMUNICA\u00c7\u00c3O SOCIAL [&hellip;]<\/p>\n","protected":false},"author":1,"featured_media":42273,"comment_status":"closed","ping_status":"open","sticky":false,"template":"","format":"standard","meta":{"footnotes":""},"categories":[110,2],"tags":[],"class_list":["post-42272","post","type-post","status-publish","format-standard","has-post-thumbnail","hentry","category-noticiasdestaque","category-policial"],"_links":{"self":[{"href":"https:\/\/jorgezanoni.com.br\/2019\/wp-json\/wp\/v2\/posts\/42272","targetHints":{"allow":["GET"]}}],"collection":[{"href":"https:\/\/jorgezanoni.com.br\/2019\/wp-json\/wp\/v2\/posts"}],"about":[{"href":"https:\/\/jorgezanoni.com.br\/2019\/wp-json\/wp\/v2\/types\/post"}],"author":[{"embeddable":true,"href":"https:\/\/jorgezanoni.com.br\/2019\/wp-json\/wp\/v2\/users\/1"}],"replies":[{"embeddable":true,"href":"https:\/\/jorgezanoni.com.br\/2019\/wp-json\/wp\/v2\/comments?post=42272"}],"version-history":[{"count":0,"href":"https:\/\/jorgezanoni.com.br\/2019\/wp-json\/wp\/v2\/posts\/42272\/revisions"}],"wp:featuredmedia":[{"embeddable":true,"href":"https:\/\/jorgezanoni.com.br\/2019\/wp-json\/wp\/v2\/media\/42273"}],"wp:attachment":[{"href":"https:\/\/jorgezanoni.com.br\/2019\/wp-json\/wp\/v2\/media?parent=42272"}],"wp:term":[{"taxonomy":"category","embeddable":true,"href":"https:\/\/jorgezanoni.com.br\/2019\/wp-json\/wp\/v2\/categories?post=42272"},{"taxonomy":"post_tag","embeddable":true,"href":"https:\/\/jorgezanoni.com.br\/2019\/wp-json\/wp\/v2\/tags?post=42272"}],"curies":[{"name":"wp","href":"https:\/\/api.w.org\/{rel}","templated":true}]}}