{"id":4225,"date":"2019-08-20T22:59:43","date_gmt":"2019-08-20T22:59:43","guid":{"rendered":"https:\/\/jorgezanoni.com.br\/2019\/?p=4225"},"modified":"2019-08-20T22:59:43","modified_gmt":"2019-08-20T22:59:43","slug":"anglo-cid-comemora-dia-dos-pais-com-atividades-fisicas","status":"publish","type":"post","link":"https:\/\/jorgezanoni.com.br\/2019\/anglo-cid-comemora-dia-dos-pais-com-atividades-fisicas\/","title":{"rendered":"Anglo-CID comemora Dia dos Pais com atividades f\u00edsicas"},"content":{"rendered":"<p style=\"font-weight: 400; text-align: justify;\">O Col\u00e9gio Anglo-CID realizou a comemora\u00e7\u00e3o do Dia dos Pais no \u00faltimo domingo (18), com atividades de recrea\u00e7\u00e3o, caminhada, passeio cicl\u00edstico e um almo\u00e7o descontra\u00eddo e animado. A recrea\u00e7\u00e3o ficou por conta dos professores Rubens Rollo Cavallin J\u00fanior (Rubinho) e Aline Siqueira, e proporcionou momentos de intera\u00e7\u00e3o e troca de conhecimentos entre pais e filhos, que puderam brincar com carrinhos de rolem\u00e3 e slackline. Segundo a diretora do Anglo-CID, Eul\u00e1lia Pires Fava, o evento aproximou o pai do ambiente escolar em que vive o filho, permitindo que compartilhassem bons momentos juntos. &#8220;\u00c0s vezes a correria do dia a dia impede que os pais sentem com os filhos, brinquem e conversem. Quisemos mostrar como \u00e9 importante que n\u00e3o deixem de fazer essas pequenas coisas&#8221;, destacou a diretora. Os pais e alunos encerraram a manh\u00e3 com um delicioso almo\u00e7o na cantina da escola.<\/p>\n<p><img loading=\"lazy\" decoding=\"async\" class=\"alignnone size-full wp-image-4226\" src=\"https:\/\/jorgezanoni.com.br\/2019\/wp-content\/uploads\/2019\/08\/pais1.jpg\" alt=\"\" width=\"240\" height=\"116\" \/><\/p>\n<p style=\"font-weight: 400; text-align: justify;\">Carolina Colnago<\/p>\n<p style=\"font-weight: 400; text-align: justify;\">Assessora de Comunica\u00e7\u00e3o da Fundec &#8211; Jornalista<\/p>\n<p style=\"text-align: justify;\">Fotos: Pais brincaram com seus filhos durante manh\u00e3 de lazer no Anglo-CID.<\/p>\n","protected":false},"excerpt":{"rendered":"<p>O Col\u00e9gio Anglo-CID realizou a comemora\u00e7\u00e3o do Dia dos Pais no \u00faltimo domingo (18), com atividades de recrea\u00e7\u00e3o, caminhada, passeio cicl\u00edstico e um almo\u00e7o descontra\u00eddo e animado. A recrea\u00e7\u00e3o ficou por conta dos professores Rubens Rollo Cavallin J\u00fanior (Rubinho) e Aline Siqueira, e proporcionou momentos de intera\u00e7\u00e3o e troca de conhecimentos entre pais e filhos, [&hellip;]<\/p>\n","protected":false},"author":1,"featured_media":4227,"comment_status":"closed","ping_status":"open","sticky":false,"template":"","format":"standard","meta":{"footnotes":""},"categories":[110,122],"tags":[],"class_list":["post-4225","post","type-post","status-publish","format-standard","has-post-thumbnail","hentry","category-noticiasdestaque","category-saudeeducacaoeconcurso"],"_links":{"self":[{"href":"https:\/\/jorgezanoni.com.br\/2019\/wp-json\/wp\/v2\/posts\/4225","targetHints":{"allow":["GET"]}}],"collection":[{"href":"https:\/\/jorgezanoni.com.br\/2019\/wp-json\/wp\/v2\/posts"}],"about":[{"href":"https:\/\/jorgezanoni.com.br\/2019\/wp-json\/wp\/v2\/types\/post"}],"author":[{"embeddable":true,"href":"https:\/\/jorgezanoni.com.br\/2019\/wp-json\/wp\/v2\/users\/1"}],"replies":[{"embeddable":true,"href":"https:\/\/jorgezanoni.com.br\/2019\/wp-json\/wp\/v2\/comments?post=4225"}],"version-history":[{"count":0,"href":"https:\/\/jorgezanoni.com.br\/2019\/wp-json\/wp\/v2\/posts\/4225\/revisions"}],"wp:featuredmedia":[{"embeddable":true,"href":"https:\/\/jorgezanoni.com.br\/2019\/wp-json\/wp\/v2\/media\/4227"}],"wp:attachment":[{"href":"https:\/\/jorgezanoni.com.br\/2019\/wp-json\/wp\/v2\/media?parent=4225"}],"wp:term":[{"taxonomy":"category","embeddable":true,"href":"https:\/\/jorgezanoni.com.br\/2019\/wp-json\/wp\/v2\/categories?post=4225"},{"taxonomy":"post_tag","embeddable":true,"href":"https:\/\/jorgezanoni.com.br\/2019\/wp-json\/wp\/v2\/tags?post=4225"}],"curies":[{"name":"wp","href":"https:\/\/api.w.org\/{rel}","templated":true}]}}