{"id":4222,"date":"2019-08-20T22:48:17","date_gmt":"2019-08-20T22:48:17","guid":{"rendered":"https:\/\/jorgezanoni.com.br\/2019\/?p=4222"},"modified":"2019-08-20T22:48:17","modified_gmt":"2019-08-20T22:48:17","slug":"abertas-as-inscricoes-para-a-oficina-de-musicas-jogos-e-brincadeiras-na-educacao","status":"publish","type":"post","link":"https:\/\/jorgezanoni.com.br\/2019\/abertas-as-inscricoes-para-a-oficina-de-musicas-jogos-e-brincadeiras-na-educacao\/","title":{"rendered":"Abertas as inscri\u00e7\u00f5es para a Oficina de M\u00fasicas, Jogos e Brincadeiras na Educa\u00e7\u00e3o"},"content":{"rendered":"<p class=\"x_MsoNormal\" style=\"text-align: justify;\"><strong><u>OFICINA DE M\u00daSICAS, JOGOS E BRINCADEIRAS NA EDUCA\u00c7\u00c3O (DRACENA)<\/u><\/strong><\/p>\n<p class=\"x_MsoNormal\" style=\"text-align: justify;\">Coordena\u00e7\u00e3o: Ana Queila Macedo<\/p>\n<p class=\"x_MsoNormal\" style=\"text-align: justify;\">14\/9 \u2013 s\u00e1bado &#8211; 8h \u00e0s 17h<\/p>\n<p class=\"x_MsoNormal\" style=\"text-align: justify;\">P\u00fablico: Professores da Educa\u00e7\u00e3o Infantil, educadores musicais, professores de Arte e Educa\u00e7\u00e3o F\u00edsica e estudantes de Pedagogia e pais<\/p>\n<p class=\"x_MsoNormal\" style=\"text-align: justify;\">Inscri\u00e7\u00f5es: 20\/8 a 14\/9<\/p>\n<p class=\"x_MsoNormal\" style=\"text-align: justify;\">Sele\u00e7\u00e3o: Por ordem de Inscri\u00e7\u00e3o<\/p>\n<p class=\"x_MsoNormal\" style=\"text-align: justify;\">Participa\u00e7\u00e3o: Inscri\u00e7\u00e3o Individual<\/p>\n<p class=\"x_MsoNormal\" style=\"text-align: justify;\">Vagas: 30<\/p>\n<p class=\"x_MsoNormal\" style=\"text-align: justify;\">Indica\u00e7\u00e3o: maiores de 16 anos<\/p>\n<p class=\"x_MsoNormal\" style=\"text-align: justify;\">Local:Av. Alcides Chacon Couto 1393 CSU centro social urbano Plimec, Metr\u00f3pole<\/p>\n<p class=\"x_MsoNormal\" style=\"text-align: justify;\"><strong><u>SINOPSE DA ATIVIDADE<\/u><\/strong><\/p>\n<p class=\"x_MsoNormal\" style=\"text-align: justify;\">A oficina visa oferecer subs\u00eddios que possam auxiliar atrav\u00e9s de recursos musicais o desenvolvimento da educa\u00e7\u00e3o da crian\u00e7a. Atrav\u00e9s do resgate de m\u00fasicas folcl\u00f3ricas, cantigas de rodas, parlendas e etc, oferecer conhecimentos para que os participantes possam utilizar a m\u00fasica na forma\u00e7\u00e3o global da crian\u00e7a.<\/p>\n<p class=\"x_MsoNormal\" style=\"text-align: justify;\"><strong><u>MINICURR\u00cdCULO\u00a0<\/u><\/strong><\/p>\n<p class=\"x_MsoNormal\" style=\"text-align: justify;\">Ana Queila Zanardo \u00e9 Pedagoga, Psicopedagoga Cl\u00ednica e Institucional. Formada em Educa\u00e7\u00e3o Musical pela UFSCar, Prof\u00aa de Educa\u00e7\u00e3o Musical na Educa\u00e7\u00e3o Infantil e Ensino Fundamental I. Prof\u00aa de Arte. Focalizadora de Dan\u00e7a Circular, Dan\u00e7a em Cadeiras, Dan\u00e7a S\u00eanior, Florais de Bach e Cirandinhas. Formada na Escola do Movimento de Ivaldo Bertazzo. Dirige Musicais Infantis e Capacita profissionais de diversas \u00e1reas como Educa\u00e7\u00e3o e Sa\u00fade com oficinas de Musicaliza\u00e7\u00e3o e Dan\u00e7as. Compositora e Co-autora do livro de Musicaliza\u00e7\u00e3o Infantil Folcloreando I e III. Pesquisadora e Co-autora do M\u00e9todo F\u00f4nico Cantado.<\/p>\n<p style=\"text-align: justify;\">Fonte: Diretoria de Comunica\u00e7\u00e3o<\/p>\n","protected":false},"excerpt":{"rendered":"<p>OFICINA DE M\u00daSICAS, JOGOS E BRINCADEIRAS NA EDUCA\u00c7\u00c3O (DRACENA) Coordena\u00e7\u00e3o: Ana Queila Macedo 14\/9 \u2013 s\u00e1bado &#8211; 8h \u00e0s 17h P\u00fablico: Professores da Educa\u00e7\u00e3o Infantil, educadores musicais, professores de Arte e Educa\u00e7\u00e3o F\u00edsica e estudantes de Pedagogia e pais Inscri\u00e7\u00f5es: 20\/8 a 14\/9 Sele\u00e7\u00e3o: Por ordem de Inscri\u00e7\u00e3o Participa\u00e7\u00e3o: Inscri\u00e7\u00e3o Individual Vagas: 30 Indica\u00e7\u00e3o: maiores [&hellip;]<\/p>\n","protected":false},"author":1,"featured_media":4223,"comment_status":"closed","ping_status":"open","sticky":false,"template":"","format":"standard","meta":{"footnotes":""},"categories":[122],"tags":[],"class_list":["post-4222","post","type-post","status-publish","format-standard","has-post-thumbnail","hentry","category-saudeeducacaoeconcurso"],"_links":{"self":[{"href":"https:\/\/jorgezanoni.com.br\/2019\/wp-json\/wp\/v2\/posts\/4222","targetHints":{"allow":["GET"]}}],"collection":[{"href":"https:\/\/jorgezanoni.com.br\/2019\/wp-json\/wp\/v2\/posts"}],"about":[{"href":"https:\/\/jorgezanoni.com.br\/2019\/wp-json\/wp\/v2\/types\/post"}],"author":[{"embeddable":true,"href":"https:\/\/jorgezanoni.com.br\/2019\/wp-json\/wp\/v2\/users\/1"}],"replies":[{"embeddable":true,"href":"https:\/\/jorgezanoni.com.br\/2019\/wp-json\/wp\/v2\/comments?post=4222"}],"version-history":[{"count":0,"href":"https:\/\/jorgezanoni.com.br\/2019\/wp-json\/wp\/v2\/posts\/4222\/revisions"}],"wp:featuredmedia":[{"embeddable":true,"href":"https:\/\/jorgezanoni.com.br\/2019\/wp-json\/wp\/v2\/media\/4223"}],"wp:attachment":[{"href":"https:\/\/jorgezanoni.com.br\/2019\/wp-json\/wp\/v2\/media?parent=4222"}],"wp:term":[{"taxonomy":"category","embeddable":true,"href":"https:\/\/jorgezanoni.com.br\/2019\/wp-json\/wp\/v2\/categories?post=4222"},{"taxonomy":"post_tag","embeddable":true,"href":"https:\/\/jorgezanoni.com.br\/2019\/wp-json\/wp\/v2\/tags?post=4222"}],"curies":[{"name":"wp","href":"https:\/\/api.w.org\/{rel}","templated":true}]}}