{"id":42207,"date":"2021-01-25T13:43:52","date_gmt":"2021-01-25T13:43:52","guid":{"rendered":"https:\/\/jorgezanoni.com.br\/2019\/?p=42207"},"modified":"2021-01-25T13:43:52","modified_gmt":"2021-01-25T13:43:52","slug":"acidente-com-onibus-deixa-12-mortos-e-nove-feridos-na-br-376-em-guaratuba-diz-pm","status":"publish","type":"post","link":"https:\/\/jorgezanoni.com.br\/2019\/acidente-com-onibus-deixa-12-mortos-e-nove-feridos-na-br-376-em-guaratuba-diz-pm\/","title":{"rendered":"Acidente com \u00f4nibus deixa 12 mortos e nove feridos na BR-376, em Guaratuba, diz PM"},"content":{"rendered":"<h2 class=\"content-head__subtitle\" style=\"text-align: justify;\"><strong>\u00d4nibus saiu da pista e tombou na margem da rodovia na altura do km 668, no trecho conhecido como Curva da Santa, segundo a PRF.<\/strong><\/h2>\n<div class=\"mc-column content-text active-extra-styles \" data-block-type=\"unstyled\" data-block-weight=\"36\" data-block-id=\"2\">\n<p class=\"content-text__container \" style=\"text-align: justify;\" data-track-category=\"Link no Texto\" data-track-links=\"\">Um acidente com um \u00f4nibus de turismo na BR-376, em Guaratuba, no litoral do Paran\u00e1, deixou 12 mortos e nove feridos na manh\u00e3 desta segunda-feira (25), segundo o Batalh\u00e3o de Pol\u00edcia Militar de Opera\u00e7\u00f5es A\u00e9reas (BPMOA).<\/p>\n<\/div>\n<div class=\"wall protected-content\">\n<div class=\"mc-column content-text active-extra-styles \" data-block-type=\"unstyled\" data-block-weight=\"27\" data-block-id=\"3\">\n<p class=\"content-text__container \" style=\"text-align: justify;\" data-track-category=\"Link no Texto\" data-track-links=\"\">A batida aconteceu na altura do km 668, no trecho conhecido como Curva da Santa, por volta das 8h30, de acordo com a Pol\u00edcia Rodovi\u00e1ria Federal (PRF).<\/p>\n<div class=\"mc-column content-text active-extra-styles \" style=\"text-align: justify;\" data-block-type=\"unstyled\" data-block-weight=\"27\" data-block-id=\"5\">\n<p class=\"content-text__container \" data-track-category=\"Link no Texto\" data-track-links=\"\">De acordo com o BPMOA, as informa\u00e7\u00f5es iniciais indicam que, al\u00e9m das 12 mortes, cinco pessoas est\u00e3o em estado grave, e outros quatro passageiros tiveram ferimentos moderados.<\/p>\n<\/div>\n<div class=\"mc-column content-text active-extra-styles \" style=\"text-align: justify;\" data-block-type=\"unstyled\" data-block-weight=\"28\" data-block-id=\"6\">\n<p class=\"content-text__container \" data-track-category=\"Link no Texto\" data-track-links=\"\">O \u00f4nibus, com placa de Bel\u00e9m, no Par\u00e1, descia a Serra do Mar no sentido litoral do estado quando saiu da pista e tombou \u00e0s margens da rodovia.<\/p>\n<\/div>\n<div class=\"row medium-uncollapsed content-media content-photo\" style=\"text-align: justify;\" data-block-type=\"backstage-photo\" data-block-id=\"8\">\n<div class=\"mc-column content-media__container\">\n<figure><img decoding=\"async\" class=\"i-amphtml-fill-content i-amphtml-replaced-content\" src=\"https:\/\/s2.glbimg.com\/phm7XPEHyvhZke2BCK-mnOYwUv0=\/0x0:1280x720\/984x0\/smart\/filters:strip_icc()\/i.s3.glbimg.com\/v1\/AUTH_59edd422c0c84a879bd37670ae4f538a\/internal_photos\/bs\/2021\/U\/h\/yr1Si4TOeMQvhytSCZyw\/whatsapp-image-2021-01-25-at-10.08.39-1-.jpeg\" sizes=\"(max-width: 1366px) 648px, 100vw\" srcset=\"https:\/\/s2.glbimg.com\/3XAz65HBcyEk-Ft3CTSupJlvSbE=\/0x0:1280x720\/1000x0\/smart\/filters:strip_icc()\/i.s3.glbimg.com\/v1\/AUTH_59edd422c0c84a879bd37670ae4f538a\/internal_photos\/bs\/2021\/U\/h\/yr1Si4TOeMQvhytSCZyw\/whatsapp-image-2021-01-25-at-10.08.39-1-.jpeg 1000w, https:\/\/s2.glbimg.com\/phm7XPEHyvhZke2BCK-mnOYwUv0=\/0x0:1280x720\/984x0\/smart\/filters:strip_icc()\/i.s3.glbimg.com\/v1\/AUTH_59edd422c0c84a879bd37670ae4f538a\/internal_photos\/bs\/2021\/U\/h\/yr1Si4TOeMQvhytSCZyw\/whatsapp-image-2021-01-25-at-10.08.39-1-.jpeg 984w, https:\/\/s2.glbimg.com\/iWKmSVAJRrDMzGzndj4N7emUTQ8=\/0x0:1280x720\/640x0\/smart\/filters:strip_icc()\/i.s3.glbimg.com\/v1\/AUTH_59edd422c0c84a879bd37670ae4f538a\/internal_photos\/bs\/2021\/U\/h\/yr1Si4TOeMQvhytSCZyw\/whatsapp-image-2021-01-25-at-10.08.39-1-.jpeg 640w, https:\/\/s2.glbimg.com\/re2SPX3d1y7Ohe7UkPyQDVIq8I8=\/0x0:1280x720\/600x0\/smart\/filters:strip_icc()\/i.s3.glbimg.com\/v1\/AUTH_59edd422c0c84a879bd37670ae4f538a\/internal_photos\/bs\/2021\/U\/h\/yr1Si4TOeMQvhytSCZyw\/whatsapp-image-2021-01-25-at-10.08.39-1-.jpeg 600w\" alt=\"\u00d4nibus saiu da pista e tombou, em Guaratuba \u2014 Foto: Arquivo pessoal\/Juliano Neitzke\" \/><\/figure>\n<p class=\"content-media__description \">\u00d4nibus saiu da pista e tombou, em Guaratuba \u2014 Foto: Arquivo pessoal\/Juliano Neitzke<\/p>\n<\/div>\n<\/div>\n<div class=\"mc-column content-text active-extra-styles \" style=\"text-align: justify;\" data-block-type=\"unstyled\" data-block-weight=\"15\" data-block-id=\"9\">\n<p class=\"content-text__container \" data-track-category=\"Link no Texto\" data-track-links=\"\">Segundo a PM, 57 passageiros e dois motoristas estavam no \u00f4nibus no momento do acidente.<\/p>\n<\/div>\n<div class=\"mc-column content-text active-extra-styles \" style=\"text-align: justify;\" data-block-type=\"unstyled\" data-block-weight=\"29\" data-block-id=\"10\">\n<p class=\"content-text__container \" data-track-category=\"Link no Texto\" data-track-links=\"\">De acordo com a Arteris Litoral Sul, que administra o trecho, a pista est\u00e1 bloqueada para atendimento do caso. \u00e0s 10h30, a fila de ve\u00edculos era de quatro quil\u00f4metros.<\/p>\n<\/div>\n<div class=\"row medium-uncollapsed content-media content-photo\" data-block-type=\"backstage-photo\" data-block-id=\"12\">\n<div class=\"mc-column content-media__container\">\n<figure style=\"text-align: justify;\"><img decoding=\"async\" class=\"i-amphtml-fill-content i-amphtml-replaced-content\" src=\"https:\/\/s2.glbimg.com\/3-_fn24WC1whGr4PIeDgquwxrdc=\/0x0:767x399\/984x0\/smart\/filters:strip_icc()\/i.s3.glbimg.com\/v1\/AUTH_59edd422c0c84a879bd37670ae4f538a\/internal_photos\/bs\/2021\/i\/V\/yndmsPTeeAyjABzjQ5gQ\/whatsapp-image-2021-01-25-at-10.03.04-1-.jpeg\" sizes=\"(max-width: 1366px) 648px, 100vw\" srcset=\"https:\/\/s2.glbimg.com\/BbOetjnZkvXPII9ucynQyOXf0rI=\/0x0:767x399\/1000x0\/smart\/filters:strip_icc()\/i.s3.glbimg.com\/v1\/AUTH_59edd422c0c84a879bd37670ae4f538a\/internal_photos\/bs\/2021\/i\/V\/yndmsPTeeAyjABzjQ5gQ\/whatsapp-image-2021-01-25-at-10.03.04-1-.jpeg 1000w, https:\/\/s2.glbimg.com\/3-_fn24WC1whGr4PIeDgquwxrdc=\/0x0:767x399\/984x0\/smart\/filters:strip_icc()\/i.s3.glbimg.com\/v1\/AUTH_59edd422c0c84a879bd37670ae4f538a\/internal_photos\/bs\/2021\/i\/V\/yndmsPTeeAyjABzjQ5gQ\/whatsapp-image-2021-01-25-at-10.03.04-1-.jpeg 984w, https:\/\/s2.glbimg.com\/C5XdFh58KZULII7_YAFOqaFyOwM=\/0x0:767x399\/640x0\/smart\/filters:strip_icc()\/i.s3.glbimg.com\/v1\/AUTH_59edd422c0c84a879bd37670ae4f538a\/internal_photos\/bs\/2021\/i\/V\/yndmsPTeeAyjABzjQ5gQ\/whatsapp-image-2021-01-25-at-10.03.04-1-.jpeg 640w, https:\/\/s2.glbimg.com\/RGj279tN5Vp1jAtwM48jTIRJTrA=\/0x0:767x399\/600x0\/smart\/filters:strip_icc()\/i.s3.glbimg.com\/v1\/AUTH_59edd422c0c84a879bd37670ae4f538a\/internal_photos\/bs\/2021\/i\/V\/yndmsPTeeAyjABzjQ5gQ\/whatsapp-image-2021-01-25-at-10.03.04-1-.jpeg 600w\" alt=\"\u00d4nibus sai da pista na Curva da Santa, em Guaratuba, e deixa mortos e feridos \u2014 Foto: Divulga\u00e7\u00e3o\/BPMOA\" \/><\/figure>\n<p class=\"content-media__description \" style=\"text-align: justify;\">\u00d4nibus sai da pista na Curva da Santa, em Guaratuba, e deixa mortos e feridos \u2014 Foto: Divulga\u00e7\u00e3o\/BPMOA<\/p>\n<p style=\"text-align: justify;\">Fonte: https:\/\/g1.globo.com\/pr\/parana\/noticia\/2021\/01\/25\/acidente-com-onibus-deixa-mortos-e-feridos-na-br-376-em-guaratuba-diz-prf.ghtml<\/p>\n<\/div>\n<\/div>\n<\/div>\n<\/div>\n","protected":false},"excerpt":{"rendered":"<p>\u00d4nibus saiu da pista e tombou na margem da rodovia na altura do km 668, no trecho conhecido como Curva da Santa, segundo a PRF. Um acidente com um \u00f4nibus de turismo na BR-376, em Guaratuba, no litoral do Paran\u00e1, deixou 12 mortos e nove feridos na manh\u00e3 desta segunda-feira (25), segundo o Batalh\u00e3o de [&hellip;]<\/p>\n","protected":false},"author":1,"featured_media":42208,"comment_status":"closed","ping_status":"open","sticky":false,"template":"","format":"standard","meta":{"footnotes":""},"categories":[170,110],"tags":[],"class_list":["post-42207","post","type-post","status-publish","format-standard","has-post-thumbnail","hentry","category-acidentes","category-noticiasdestaque"],"_links":{"self":[{"href":"https:\/\/jorgezanoni.com.br\/2019\/wp-json\/wp\/v2\/posts\/42207","targetHints":{"allow":["GET"]}}],"collection":[{"href":"https:\/\/jorgezanoni.com.br\/2019\/wp-json\/wp\/v2\/posts"}],"about":[{"href":"https:\/\/jorgezanoni.com.br\/2019\/wp-json\/wp\/v2\/types\/post"}],"author":[{"embeddable":true,"href":"https:\/\/jorgezanoni.com.br\/2019\/wp-json\/wp\/v2\/users\/1"}],"replies":[{"embeddable":true,"href":"https:\/\/jorgezanoni.com.br\/2019\/wp-json\/wp\/v2\/comments?post=42207"}],"version-history":[{"count":0,"href":"https:\/\/jorgezanoni.com.br\/2019\/wp-json\/wp\/v2\/posts\/42207\/revisions"}],"wp:featuredmedia":[{"embeddable":true,"href":"https:\/\/jorgezanoni.com.br\/2019\/wp-json\/wp\/v2\/media\/42208"}],"wp:attachment":[{"href":"https:\/\/jorgezanoni.com.br\/2019\/wp-json\/wp\/v2\/media?parent=42207"}],"wp:term":[{"taxonomy":"category","embeddable":true,"href":"https:\/\/jorgezanoni.com.br\/2019\/wp-json\/wp\/v2\/categories?post=42207"},{"taxonomy":"post_tag","embeddable":true,"href":"https:\/\/jorgezanoni.com.br\/2019\/wp-json\/wp\/v2\/tags?post=42207"}],"curies":[{"name":"wp","href":"https:\/\/api.w.org\/{rel}","templated":true}]}}