{"id":42199,"date":"2021-01-25T01:05:20","date_gmt":"2021-01-25T01:05:20","guid":{"rendered":"https:\/\/jorgezanoni.com.br\/2019\/?p=42199"},"modified":"2021-01-25T01:15:34","modified_gmt":"2021-01-25T01:15:34","slug":"morre-luis-rodrigues-que-morou-muitos-anos-em-junqueiropolis","status":"publish","type":"post","link":"https:\/\/jorgezanoni.com.br\/2019\/morre-luis-rodrigues-que-morou-muitos-anos-em-junqueiropolis\/","title":{"rendered":"Morre Lu\u00eds Rodrigues que morou muitos anos em Junqueir\u00f3polis"},"content":{"rendered":"<p style=\"text-align: justify;\">\u00c9 com muita tristeza que comunicamos o falecimento de LUIS RODRIGUES. Deixa a esposa e filho Guilherme. Luiz \u00e9 uma pessoa muita conhecida na cidade. Trabalhou por muitos anos na Auto Pe\u00e7as Freitas e, em seu pr\u00f3prio estabelecimento. Atualmente estava morando em Santa Mercedes. Pessoa muito alegre, de bom cora\u00e7\u00e3o e sempre disposto a ajudar. Detalhes sobre o sepultamento ser\u00e1 fornecido em breve. Aos familiares e amigos de\u00a0Concei\u00e7\u00e3o Portari E Luis Rodrigues\u00a0 nossas condol\u00eancias. Que Deus conforte vossos cora\u00e7\u00f5es e ampare o Luiz em seus bra\u00e7os.<\/p>\n<p style=\"text-align: justify;\">Fonte: Memorial\/Obitu\u00e1rio de Junqueir\u00f3polis<\/p>\n<p>O sepultamento do Luiz vai ser amanh\u00e3 em Junqueir\u00f3polis (25) as 14 hs no Cemit\u00e9rio Municipal, n\u00e3o haver\u00e1 vel\u00f3rio de despedida.<\/p>\n<p>Fonte: Vida Prev<\/p>\n","protected":false},"excerpt":{"rendered":"<p>\u00c9 com muita tristeza que comunicamos o falecimento de LUIS RODRIGUES. Deixa a esposa e filho Guilherme. Luiz \u00e9 uma pessoa muita conhecida na cidade. Trabalhou por muitos anos na Auto Pe\u00e7as Freitas e, em seu pr\u00f3prio estabelecimento. Atualmente estava morando em Santa Mercedes. Pessoa muito alegre, de bom cora\u00e7\u00e3o e sempre disposto a ajudar. [&hellip;]<\/p>\n","protected":false},"author":1,"featured_media":42200,"comment_status":"closed","ping_status":"open","sticky":false,"template":"","format":"standard","meta":{"footnotes":""},"categories":[178,110],"tags":[],"class_list":["post-42199","post","type-post","status-publish","format-standard","has-post-thumbnail","hentry","category-notadefalecimento","category-noticiasdestaque"],"_links":{"self":[{"href":"https:\/\/jorgezanoni.com.br\/2019\/wp-json\/wp\/v2\/posts\/42199","targetHints":{"allow":["GET"]}}],"collection":[{"href":"https:\/\/jorgezanoni.com.br\/2019\/wp-json\/wp\/v2\/posts"}],"about":[{"href":"https:\/\/jorgezanoni.com.br\/2019\/wp-json\/wp\/v2\/types\/post"}],"author":[{"embeddable":true,"href":"https:\/\/jorgezanoni.com.br\/2019\/wp-json\/wp\/v2\/users\/1"}],"replies":[{"embeddable":true,"href":"https:\/\/jorgezanoni.com.br\/2019\/wp-json\/wp\/v2\/comments?post=42199"}],"version-history":[{"count":0,"href":"https:\/\/jorgezanoni.com.br\/2019\/wp-json\/wp\/v2\/posts\/42199\/revisions"}],"wp:featuredmedia":[{"embeddable":true,"href":"https:\/\/jorgezanoni.com.br\/2019\/wp-json\/wp\/v2\/media\/42200"}],"wp:attachment":[{"href":"https:\/\/jorgezanoni.com.br\/2019\/wp-json\/wp\/v2\/media?parent=42199"}],"wp:term":[{"taxonomy":"category","embeddable":true,"href":"https:\/\/jorgezanoni.com.br\/2019\/wp-json\/wp\/v2\/categories?post=42199"},{"taxonomy":"post_tag","embeddable":true,"href":"https:\/\/jorgezanoni.com.br\/2019\/wp-json\/wp\/v2\/tags?post=42199"}],"curies":[{"name":"wp","href":"https:\/\/api.w.org\/{rel}","templated":true}]}}