{"id":42186,"date":"2021-01-24T16:11:05","date_gmt":"2021-01-24T16:11:05","guid":{"rendered":"https:\/\/jorgezanoni.com.br\/2019\/?p=42186"},"modified":"2021-01-24T16:15:20","modified_gmt":"2021-01-24T16:15:20","slug":"incendio-de-grandes-proporcoes-atinge-camelodromo-em-rio-preto","status":"publish","type":"post","link":"https:\/\/jorgezanoni.com.br\/2019\/incendio-de-grandes-proporcoes-atinge-camelodromo-em-rio-preto\/","title":{"rendered":"Inc\u00eandio de grandes propor\u00e7\u00f5es atinge camel\u00f3dromo em Rio Preto"},"content":{"rendered":"<h2 class=\"content-head__subtitle\" style=\"text-align: justify;\"><strong>Fogo atingiu \u00e1rea de lojas que fica no \u00faltimo andar da Esta\u00e7\u00e3o Rodovi\u00e1ria, na regi\u00e3o central.<\/strong><\/h2>\n<div class=\"mc-column content-text active-extra-styles \" data-block-type=\"unstyled\" data-block-weight=\"32\" data-block-id=\"2\">\n<p class=\"content-text__container \" style=\"text-align: justify;\" data-track-category=\"Link no Texto\" data-track-links=\"\">Um inc\u00eandio de grandes propor\u00e7\u00f5es atingiu na madrugada deste domingo (24) o \u00faltimo andar da Esta\u00e7\u00e3o Rodovi\u00e1ria de Rio Preto onde funcionam camel\u00f4s. O local \u00e9 conhecido popularmente como Shopping Azul.<\/p>\n<\/div>\n<div class=\"wall protected-content\">\n<div class=\"mc-column content-text active-extra-styles \" style=\"text-align: justify;\" data-block-type=\"unstyled\" data-block-weight=\"42\" data-block-id=\"3\">\n<p class=\"content-text__container \" data-track-category=\"Link no Texto\" data-track-links=\"\">O fogo come\u00e7ou por volta das 23h15 do s\u00e1bado (23) e teria se iniciado em uma das lojas. A causa ainda \u00e9 desconhecida. Os bombeiros trabalharam durante a madrugada no combate e continuam fazendo o rescaldo. Ainda h\u00e1 fuma\u00e7a na \u00e1rea.<\/p>\n<\/div>\n<div class=\"mc-column content-text active-extra-styles \" style=\"text-align: justify;\" data-block-type=\"unstyled\" data-block-weight=\"22\" data-block-id=\"4\">\n<p class=\"content-text__container \" data-track-category=\"Link no Texto\" data-track-links=\"\">Equipes do Corpo de Bombeiros e Pol\u00edcia Militar foram acionadas e isolaram o local para conter as chamas. Ningu\u00e9m ficou ferido.<\/p>\n<\/div>\n<div class=\"row medium-uncollapsed content-media content-photo\" style=\"text-align: justify;\" data-block-type=\"backstage-photo\" data-block-id=\"5\">\n<div class=\"mc-column content-media__container\">\n<figure><img decoding=\"async\" class=\"i-amphtml-fill-content i-amphtml-replaced-content\" src=\"https:\/\/s2.glbimg.com\/thzlCCC5xSUKTAfCzzx3ziGfT30=\/0x0:750x414\/984x0\/smart\/filters:strip_icc()\/i.s3.glbimg.com\/v1\/AUTH_59edd422c0c84a879bd37670ae4f538a\/internal_photos\/bs\/2021\/t\/B\/LHvd8nQUeLhrcimHtjog\/651b2db7-076f-4519-9a68-3596b13a38b2.jpg\" sizes=\"(max-width: 1366px) 648px, 100vw\" srcset=\"https:\/\/s2.glbimg.com\/SZoOy_HeuRvFRas1OeeYI_2YbHE=\/0x0:750x414\/1000x0\/smart\/filters:strip_icc()\/i.s3.glbimg.com\/v1\/AUTH_59edd422c0c84a879bd37670ae4f538a\/internal_photos\/bs\/2021\/t\/B\/LHvd8nQUeLhrcimHtjog\/651b2db7-076f-4519-9a68-3596b13a38b2.jpg 1000w, https:\/\/s2.glbimg.com\/thzlCCC5xSUKTAfCzzx3ziGfT30=\/0x0:750x414\/984x0\/smart\/filters:strip_icc()\/i.s3.glbimg.com\/v1\/AUTH_59edd422c0c84a879bd37670ae4f538a\/internal_photos\/bs\/2021\/t\/B\/LHvd8nQUeLhrcimHtjog\/651b2db7-076f-4519-9a68-3596b13a38b2.jpg 984w, https:\/\/s2.glbimg.com\/ee4UFpAMKWspgWigOIPvNBoEf5A=\/0x0:750x414\/640x0\/smart\/filters:strip_icc()\/i.s3.glbimg.com\/v1\/AUTH_59edd422c0c84a879bd37670ae4f538a\/internal_photos\/bs\/2021\/t\/B\/LHvd8nQUeLhrcimHtjog\/651b2db7-076f-4519-9a68-3596b13a38b2.jpg 640w, https:\/\/s2.glbimg.com\/WHiBUCndEbk4tDzL3vOITfDFUB0=\/0x0:750x414\/600x0\/smart\/filters:strip_icc()\/i.s3.glbimg.com\/v1\/AUTH_59edd422c0c84a879bd37670ae4f538a\/internal_photos\/bs\/2021\/t\/B\/LHvd8nQUeLhrcimHtjog\/651b2db7-076f-4519-9a68-3596b13a38b2.jpg 600w\" alt=\"Corpo de Bombeiros foi acionado para inc\u00eandio na parte de cima da Rodovi\u00e1ria de Rio Preto \u2014 Foto: Arquivo Pessoal\" \/><\/figure>\n<p class=\"content-media__description \">Corpo de Bombeiros foi acionado para inc\u00eandio na parte de cima da Rodovi\u00e1ria de Rio Preto \u2014 Foto: Arquivo Pessoal<\/p>\n<\/div>\n<\/div>\n<div class=\"mc-column content-text active-extra-styles \" style=\"text-align: justify;\" data-block-type=\"unstyled\" data-block-weight=\"30\" data-block-id=\"6\">\n<p class=\"content-text__container \" data-track-category=\"Link no Texto\" data-track-links=\"\">A Prefeitura de Rio Preto informou, em nota, que tamb\u00e9m acompanhou o caso por meio das Secretarias de Servi\u00e7os Gerais, Defesa Civil, Emurb, Semae e Guarda Civil Municipal.<\/p>\n<\/div>\n<div class=\"mc-column content-text active-extra-styles \" style=\"text-align: justify;\" data-block-type=\"unstyled\" data-block-weight=\"17\" data-block-id=\"8\">\n<p class=\"content-text__container \" data-track-category=\"Link no Texto\" data-track-links=\"\">Ainda segundo o Executivo, o Semae e uma usina enviaram caminh\u00e3o-pipa para ajudar no controle do fogo.<\/p>\n<\/div>\n<div class=\"row medium-uncollapsed content-media content-photo\" style=\"text-align: justify;\" data-block-type=\"backstage-photo\" data-block-id=\"9\">\n<div class=\"mc-column content-media__container\">\n<figure><img decoding=\"async\" class=\"i-amphtml-fill-content i-amphtml-replaced-content\" src=\"https:\/\/s2.glbimg.com\/dCTwPVGoKxK0AyXqDqX_yChI08c=\/0x256:720x1020\/984x0\/smart\/filters:strip_icc()\/i.s3.glbimg.com\/v1\/AUTH_59edd422c0c84a879bd37670ae4f538a\/internal_photos\/bs\/2021\/H\/X\/vfwGroTt6yYx0DJEqblg\/287f8a0e-98ab-4cc8-9f16-6e65fdb088b9.jpg\" sizes=\"(max-width: 1366px) 648px, 100vw\" srcset=\"https:\/\/s2.glbimg.com\/9eQc98Q7jDmRmACdsCL4PXKcqtU=\/0x256:720x1020\/1000x0\/smart\/filters:strip_icc()\/i.s3.glbimg.com\/v1\/AUTH_59edd422c0c84a879bd37670ae4f538a\/internal_photos\/bs\/2021\/H\/X\/vfwGroTt6yYx0DJEqblg\/287f8a0e-98ab-4cc8-9f16-6e65fdb088b9.jpg 1000w, https:\/\/s2.glbimg.com\/dCTwPVGoKxK0AyXqDqX_yChI08c=\/0x256:720x1020\/984x0\/smart\/filters:strip_icc()\/i.s3.glbimg.com\/v1\/AUTH_59edd422c0c84a879bd37670ae4f538a\/internal_photos\/bs\/2021\/H\/X\/vfwGroTt6yYx0DJEqblg\/287f8a0e-98ab-4cc8-9f16-6e65fdb088b9.jpg 984w, https:\/\/s2.glbimg.com\/qSixg3De-iSzc7yFEWK4Hb1A280=\/0x256:720x1020\/640x0\/smart\/filters:strip_icc()\/i.s3.glbimg.com\/v1\/AUTH_59edd422c0c84a879bd37670ae4f538a\/internal_photos\/bs\/2021\/H\/X\/vfwGroTt6yYx0DJEqblg\/287f8a0e-98ab-4cc8-9f16-6e65fdb088b9.jpg 640w, https:\/\/s2.glbimg.com\/JKlicxeqklbLsEEcwyDaqSna83M=\/0x256:720x1020\/600x0\/smart\/filters:strip_icc()\/i.s3.glbimg.com\/v1\/AUTH_59edd422c0c84a879bd37670ae4f538a\/internal_photos\/bs\/2021\/H\/X\/vfwGroTt6yYx0DJEqblg\/287f8a0e-98ab-4cc8-9f16-6e65fdb088b9.jpg 600w\" alt=\"\u00c1rea de inc\u00eandio foi isolada por equipes em Rio Preto \u2014 Foto: Grid\u00e2nia Brait\/TV TEM\" \/><\/figure>\n<p class=\"content-media__description \">\u00c1rea de inc\u00eandio foi isolada por equipes em Rio Preto \u2014 Foto: Grid\u00e2nia Brait\/TV TEM<\/p>\n<\/div>\n<\/div>\n<div class=\"row medium-uncollapsed content-media content-photo\" data-block-type=\"backstage-photo\" data-block-id=\"10\">\n<div class=\"mc-column content-media__container\">\n<figure style=\"text-align: justify;\"><img decoding=\"async\" class=\"i-amphtml-fill-content i-amphtml-replaced-content\" src=\"https:\/\/s2.glbimg.com\/VFCII3iyFpISnoSnoFuiiv4qBDg=\/0x0:1586x866\/984x0\/smart\/filters:strip_icc()\/i.s3.glbimg.com\/v1\/AUTH_59edd422c0c84a879bd37670ae4f538a\/internal_photos\/bs\/2021\/d\/e\/Ie7aBsTNKCWTwdzvtx2Q\/foto.jpg\" sizes=\"(max-width: 1366px) 648px, 100vw\" srcset=\"https:\/\/s2.glbimg.com\/U-cVMr7w2FzvPKIz6mvK5_qHUcw=\/0x0:1586x866\/1000x0\/smart\/filters:strip_icc()\/i.s3.glbimg.com\/v1\/AUTH_59edd422c0c84a879bd37670ae4f538a\/internal_photos\/bs\/2021\/d\/e\/Ie7aBsTNKCWTwdzvtx2Q\/foto.jpg 1000w, https:\/\/s2.glbimg.com\/VFCII3iyFpISnoSnoFuiiv4qBDg=\/0x0:1586x866\/984x0\/smart\/filters:strip_icc()\/i.s3.glbimg.com\/v1\/AUTH_59edd422c0c84a879bd37670ae4f538a\/internal_photos\/bs\/2021\/d\/e\/Ie7aBsTNKCWTwdzvtx2Q\/foto.jpg 984w, https:\/\/s2.glbimg.com\/zVlHYQnb8JWlLgiZwyaYMBbjepo=\/0x0:1586x866\/640x0\/smart\/filters:strip_icc()\/i.s3.glbimg.com\/v1\/AUTH_59edd422c0c84a879bd37670ae4f538a\/internal_photos\/bs\/2021\/d\/e\/Ie7aBsTNKCWTwdzvtx2Q\/foto.jpg 640w, https:\/\/s2.glbimg.com\/CVndAgK0DVg4hn8VPZYbXZf6yqE=\/0x0:1586x866\/600x0\/smart\/filters:strip_icc()\/i.s3.glbimg.com\/v1\/AUTH_59edd422c0c84a879bd37670ae4f538a\/internal_photos\/bs\/2021\/d\/e\/Ie7aBsTNKCWTwdzvtx2Q\/foto.jpg 600w\" alt=\"Corpo de Bombeiros combatendo inc\u00eandio em Rio Preto \u2014 Foto: Arquivo Pessoal \" \/><\/figure>\n<p class=\"content-media__description \" style=\"text-align: justify;\">Corpo de Bombeiros combatendo inc\u00eandio em Rio Preto \u2014 Foto: Arquivo Pessoal<\/p>\n<p style=\"text-align: justify;\">Fonte: G1<\/p>\n<p style=\"text-align: justify;\">VEJA FOTOS E V\u00cdDEOS DE INTERNAUTAS:<\/p>\n<p><img loading=\"lazy\" decoding=\"async\" class=\"alignnone size-full wp-image-42187\" src=\"https:\/\/jorgezanoni.com.br\/2019\/wp-content\/uploads\/2021\/01\/fogo.jpg\" alt=\"\" width=\"984\" height=\"736\" srcset=\"https:\/\/jorgezanoni.com.br\/2019\/wp-content\/uploads\/2021\/01\/fogo.jpg 984w, https:\/\/jorgezanoni.com.br\/2019\/wp-content\/uploads\/2021\/01\/fogo-300x224.jpg 300w, https:\/\/jorgezanoni.com.br\/2019\/wp-content\/uploads\/2021\/01\/fogo-768x574.jpg 768w, https:\/\/jorgezanoni.com.br\/2019\/wp-content\/uploads\/2021\/01\/fogo-80x60.jpg 80w, https:\/\/jorgezanoni.com.br\/2019\/wp-content\/uploads\/2021\/01\/fogo-265x198.jpg 265w, https:\/\/jorgezanoni.com.br\/2019\/wp-content\/uploads\/2021\/01\/fogo-696x521.jpg 696w, https:\/\/jorgezanoni.com.br\/2019\/wp-content\/uploads\/2021\/01\/fogo-562x420.jpg 562w\" sizes=\"auto, (max-width: 984px) 100vw, 984px\" \/> <img loading=\"lazy\" decoding=\"async\" class=\"alignnone size-full wp-image-42188\" src=\"https:\/\/jorgezanoni.com.br\/2019\/wp-content\/uploads\/2021\/01\/fogo1.jpg\" alt=\"\" width=\"1024\" height=\"576\" srcset=\"https:\/\/jorgezanoni.com.br\/2019\/wp-content\/uploads\/2021\/01\/fogo1.jpg 1024w, https:\/\/jorgezanoni.com.br\/2019\/wp-content\/uploads\/2021\/01\/fogo1-300x169.jpg 300w, https:\/\/jorgezanoni.com.br\/2019\/wp-content\/uploads\/2021\/01\/fogo1-768x432.jpg 768w, https:\/\/jorgezanoni.com.br\/2019\/wp-content\/uploads\/2021\/01\/fogo1-696x392.jpg 696w, https:\/\/jorgezanoni.com.br\/2019\/wp-content\/uploads\/2021\/01\/fogo1-747x420.jpg 747w\" sizes=\"auto, (max-width: 1024px) 100vw, 1024px\" \/> <img loading=\"lazy\" decoding=\"async\" class=\"alignnone size-full wp-image-42189\" src=\"https:\/\/jorgezanoni.com.br\/2019\/wp-content\/uploads\/2021\/01\/fogo2.jpg\" alt=\"\" width=\"750\" height=\"1000\" srcset=\"https:\/\/jorgezanoni.com.br\/2019\/wp-content\/uploads\/2021\/01\/fogo2.jpg 750w, https:\/\/jorgezanoni.com.br\/2019\/wp-content\/uploads\/2021\/01\/fogo2-225x300.jpg 225w, https:\/\/jorgezanoni.com.br\/2019\/wp-content\/uploads\/2021\/01\/fogo2-696x928.jpg 696w, https:\/\/jorgezanoni.com.br\/2019\/wp-content\/uploads\/2021\/01\/fogo2-315x420.jpg 315w\" sizes=\"auto, (max-width: 750px) 100vw, 750px\" \/><\/p>\n<div style=\"width: 352px;\" class=\"wp-video\"><video class=\"wp-video-shortcode\" id=\"video-42186-1\" width=\"352\" height=\"640\" preload=\"metadata\" controls=\"controls\"><source type=\"video\/mp4\" src=\"https:\/\/jorgezanoni.com.br\/2019\/wp-content\/uploads\/2021\/01\/WhatsApp-Video-2021-01-24-at-12.09.35-2.mp4?_=1\" \/><a href=\"https:\/\/jorgezanoni.com.br\/2019\/wp-content\/uploads\/2021\/01\/WhatsApp-Video-2021-01-24-at-12.09.35-2.mp4\">https:\/\/jorgezanoni.com.br\/2019\/wp-content\/uploads\/2021\/01\/WhatsApp-Video-2021-01-24-at-12.09.35-2.mp4<\/a><\/video><\/div>\n<div style=\"width: 480px;\" class=\"wp-video\"><video class=\"wp-video-shortcode\" id=\"video-42186-2\" width=\"480\" height=\"848\" preload=\"metadata\" controls=\"controls\"><source type=\"video\/mp4\" src=\"https:\/\/jorgezanoni.com.br\/2019\/wp-content\/uploads\/2021\/01\/WhatsApp-Video-2021-01-24-at-12.09.35-1.mp4?_=2\" \/><a href=\"https:\/\/jorgezanoni.com.br\/2019\/wp-content\/uploads\/2021\/01\/WhatsApp-Video-2021-01-24-at-12.09.35-1.mp4\">https:\/\/jorgezanoni.com.br\/2019\/wp-content\/uploads\/2021\/01\/WhatsApp-Video-2021-01-24-at-12.09.35-1.mp4<\/a><\/video><\/div>\n<div style=\"width: 352px;\" class=\"wp-video\"><video class=\"wp-video-shortcode\" id=\"video-42186-3\" width=\"352\" height=\"640\" preload=\"metadata\" controls=\"controls\"><source type=\"video\/mp4\" src=\"https:\/\/jorgezanoni.com.br\/2019\/wp-content\/uploads\/2021\/01\/WhatsApp-Video-2021-01-24-at-12.09.35.mp4?_=3\" \/><a href=\"https:\/\/jorgezanoni.com.br\/2019\/wp-content\/uploads\/2021\/01\/WhatsApp-Video-2021-01-24-at-12.09.35.mp4\">https:\/\/jorgezanoni.com.br\/2019\/wp-content\/uploads\/2021\/01\/WhatsApp-Video-2021-01-24-at-12.09.35.mp4<\/a><\/video><\/div>\n<p>&nbsp;<\/p>\n<p>&nbsp;<\/p>\n<p>&nbsp;<\/p>\n<\/div>\n<\/div>\n<\/div>\n","protected":false},"excerpt":{"rendered":"<p>Fogo atingiu \u00e1rea de lojas que fica no \u00faltimo andar da Esta\u00e7\u00e3o Rodovi\u00e1ria, na regi\u00e3o central. Um inc\u00eandio de grandes propor\u00e7\u00f5es atingiu na madrugada deste domingo (24) o \u00faltimo andar da Esta\u00e7\u00e3o Rodovi\u00e1ria de Rio Preto onde funcionam camel\u00f4s. O local \u00e9 conhecido popularmente como Shopping Azul. O fogo come\u00e7ou por volta das 23h15 do [&hellip;]<\/p>\n","protected":false},"author":1,"featured_media":42193,"comment_status":"closed","ping_status":"open","sticky":false,"template":"","format":"video","meta":{"footnotes":""},"categories":[110,2,169],"tags":[],"class_list":["post-42186","post","type-post","status-publish","format-video","has-post-thumbnail","hentry","category-noticiasdestaque","category-policial","category-videos","post_format-post-format-video"],"_links":{"self":[{"href":"https:\/\/jorgezanoni.com.br\/2019\/wp-json\/wp\/v2\/posts\/42186","targetHints":{"allow":["GET"]}}],"collection":[{"href":"https:\/\/jorgezanoni.com.br\/2019\/wp-json\/wp\/v2\/posts"}],"about":[{"href":"https:\/\/jorgezanoni.com.br\/2019\/wp-json\/wp\/v2\/types\/post"}],"author":[{"embeddable":true,"href":"https:\/\/jorgezanoni.com.br\/2019\/wp-json\/wp\/v2\/users\/1"}],"replies":[{"embeddable":true,"href":"https:\/\/jorgezanoni.com.br\/2019\/wp-json\/wp\/v2\/comments?post=42186"}],"version-history":[{"count":0,"href":"https:\/\/jorgezanoni.com.br\/2019\/wp-json\/wp\/v2\/posts\/42186\/revisions"}],"wp:featuredmedia":[{"embeddable":true,"href":"https:\/\/jorgezanoni.com.br\/2019\/wp-json\/wp\/v2\/media\/42193"}],"wp:attachment":[{"href":"https:\/\/jorgezanoni.com.br\/2019\/wp-json\/wp\/v2\/media?parent=42186"}],"wp:term":[{"taxonomy":"category","embeddable":true,"href":"https:\/\/jorgezanoni.com.br\/2019\/wp-json\/wp\/v2\/categories?post=42186"},{"taxonomy":"post_tag","embeddable":true,"href":"https:\/\/jorgezanoni.com.br\/2019\/wp-json\/wp\/v2\/tags?post=42186"}],"curies":[{"name":"wp","href":"https:\/\/api.w.org\/{rel}","templated":true}]}}