{"id":42183,"date":"2021-01-24T15:27:01","date_gmt":"2021-01-24T15:27:01","guid":{"rendered":"https:\/\/jorgezanoni.com.br\/2019\/?p=42183"},"modified":"2021-01-24T15:27:01","modified_gmt":"2021-01-24T15:27:01","slug":"aviao-com-presidente-e-jogadores-do-palmas-futebol-e-regatas-cai-logo-apos-decolar-6-pessoas-morreram","status":"publish","type":"post","link":"https:\/\/jorgezanoni.com.br\/2019\/aviao-com-presidente-e-jogadores-do-palmas-futebol-e-regatas-cai-logo-apos-decolar-6-pessoas-morreram\/","title":{"rendered":"Avi\u00e3o com presidente e jogadores do Palmas Futebol e Regatas cai logo ap\u00f3s decolar; 6 pessoas morreram"},"content":{"rendered":"<h2 class=\"content-head__subtitle\" style=\"text-align: justify;\"><strong>Aeronave caiu perto da cabeceira de uma pista de pouso no distrito. Delega\u00e7\u00e3o ia para Goi\u00e2nia enfrentar o Vila Nova pela Copa Verde.<\/strong><\/h2>\n<div class=\"mc-column content-text active-extra-styles \" data-block-type=\"unstyled\" data-block-weight=\"50\" data-block-id=\"2\">\n<p class=\"content-text__container \" style=\"text-align: justify;\" data-track-category=\"Link no Texto\" data-track-links=\"\">Um avi\u00e3o com parte da equipe do Palmas Futebol e Regatas, time da S\u00e9rie D, caiu na manh\u00e3 deste domingo (24), pouco ap\u00f3s decolar, no distrito de Luzimangues, em Porto Nacional (TO). Quatro jogadores, o presidente da agremia\u00e7\u00e3o, Lucas Meira, de 32 anos, e o piloto da aeronave morreram.<\/p>\n<\/div>\n<div class=\"wall protected-content\">\n<div class=\"mc-column content-text active-extra-styles \" style=\"text-align: justify;\" data-block-type=\"unstyled\" data-block-weight=\"32\" data-block-id=\"3\">\n<p class=\"content-text__container \" data-track-category=\"Link no Texto\" data-track-links=\"\">Os atletas que morreram s\u00e3o Lucas Praxedes, de 23 anos; Guilherme No\u00e9, de 28 anos; Ranule, de 27 anos e Marcus Molinari, de 23 anos. O piloto foi identificado como Comandante Wagner.<\/p>\n<\/div>\n<div class=\"mc-column content-text active-extra-styles \" style=\"text-align: justify;\" data-block-type=\"unstyled\" data-block-weight=\"37\" data-block-id=\"4\">\n<p class=\"content-text__container \" data-track-category=\"Link no Texto\" data-track-links=\"\">A equipe enfrentaria o Vila Nova pela Copa Verde em Goi\u00e2nia. A partida estava programada para esta segunda-feira (25). O Vila Nova emitiu nota lamentando o acidente e informando que vai colaborar para o adiamento da partida.<\/p>\n<\/div>\n<div class=\"row medium-uncollapsed content-media content-photo\" style=\"text-align: justify;\" data-block-type=\"backstage-photo\" data-block-id=\"5\">\n<div class=\"mc-column content-media__container\">\n<figure><img decoding=\"async\" class=\"i-amphtml-fill-content i-amphtml-replaced-content\" src=\"https:\/\/s2.glbimg.com\/_UmW51xr2kQciMKjWW1xyMVJ2HA=\/0x0:1346x755\/984x0\/smart\/filters:strip_icc()\/i.s3.glbimg.com\/v1\/AUTH_59edd422c0c84a879bd37670ae4f538a\/internal_photos\/bs\/2021\/R\/Q\/KozbhXTeAtdDc4GLEhdA\/acidente.png\" sizes=\"(max-width: 1366px) 648px, 100vw\" srcset=\"https:\/\/s2.glbimg.com\/laBnh9uub76bhZcXlbFA6nZQB0s=\/0x0:1346x755\/1000x0\/smart\/filters:strip_icc()\/i.s3.glbimg.com\/v1\/AUTH_59edd422c0c84a879bd37670ae4f538a\/internal_photos\/bs\/2021\/R\/Q\/KozbhXTeAtdDc4GLEhdA\/acidente.png 1000w, https:\/\/s2.glbimg.com\/_UmW51xr2kQciMKjWW1xyMVJ2HA=\/0x0:1346x755\/984x0\/smart\/filters:strip_icc()\/i.s3.glbimg.com\/v1\/AUTH_59edd422c0c84a879bd37670ae4f538a\/internal_photos\/bs\/2021\/R\/Q\/KozbhXTeAtdDc4GLEhdA\/acidente.png 984w, https:\/\/s2.glbimg.com\/U0o5NqiFKpbuzIvwXOJ3CxknSxw=\/0x0:1346x755\/640x0\/smart\/filters:strip_icc()\/i.s3.glbimg.com\/v1\/AUTH_59edd422c0c84a879bd37670ae4f538a\/internal_photos\/bs\/2021\/R\/Q\/KozbhXTeAtdDc4GLEhdA\/acidente.png 640w, https:\/\/s2.glbimg.com\/imD1r2VczJhfTKjcV2Su4fOgu5M=\/0x0:1346x755\/600x0\/smart\/filters:strip_icc()\/i.s3.glbimg.com\/v1\/AUTH_59edd422c0c84a879bd37670ae4f538a\/internal_photos\/bs\/2021\/R\/Q\/KozbhXTeAtdDc4GLEhdA\/acidente.png 600w\" alt=\"Avi\u00e3o caiu logo ap\u00f3s a cabeceira da pista \u2014 Foto: Rodrigo Noleto\/Divulga\u00e7\u00e3o\" \/><\/figure>\n<p class=\"content-media__description \">Avi\u00e3o caiu logo ap\u00f3s a cabeceira da pista \u2014 Foto: Rodrigo Noleto\/Divulga\u00e7\u00e3o<\/p>\n<\/div>\n<\/div>\n<div class=\"content-ads content-ads--reveal\" style=\"text-align: justify;\" data-block-type=\"ads\" data-block-id=\"6\">\n<div id=\"banner_materia2\" class=\"tag-manager-publicidade-container mc-has-reveal mc-has-ad-lazyload\" data-id=\"banner_materia2\"><\/div>\n<\/div>\n<div class=\"mc-column content-text active-extra-styles \" style=\"text-align: justify;\" data-block-type=\"unstyled\" data-block-weight=\"29\" data-block-id=\"7\">\n<p class=\"content-text__container \" data-track-category=\"Link no Texto\" data-track-links=\"\">Imagens feitas no local mostram que a aeronave ficou completamente destru\u00edda com o choque. Al\u00e9m do IML e dos Bombeiros, equipes da Pol\u00edcia Militar est\u00e3o no local prestando apoio.<\/p>\n<\/div>\n<div class=\"mc-column content-text active-extra-styles \" style=\"text-align: justify;\" data-block-type=\"unstyled\" data-block-weight=\"44\" data-block-id=\"8\">\n<p class=\"content-text__container \" data-track-category=\"Link no Texto\" data-track-links=\"\">O presidente do time, Lucas Meira, chegou a ser candidato a vice-prefeito de Palmas na chapa da vencedora das elei\u00e7\u00f5es Cinthia Ribeiro (PSDB). Ele acabou deixando a coliga\u00e7\u00e3o alegando motivos pessoais. A prefeita emitiu nota lamentando o acidente e se solidarizando com as fam\u00edlia<\/p>\n<\/div>\n<div class=\"mc-column content-text active-extra-styles \" style=\"text-align: justify;\" data-block-type=\"unstyled\" data-block-weight=\"9\" data-block-id=\"9\">\n<p class=\"content-text__container \" data-track-category=\"Link no Texto\" data-track-links=\"\">Veja a nota divulgada pelo Palmas Futebol e Regatas:<\/p>\n<\/div>\n<div class=\"mc-column content-text active-extra-styles \" data-block-type=\"unstyled\" data-block-weight=\"118\" data-block-id=\"10\">\n<p class=\"content-text__container \" style=\"text-align: justify;\" data-track-category=\"Link no Texto\" data-track-links=\"\"><em>O Palmas Futebol e Regatas vem por meio desta informar que por volta das 8h15 da manh\u00e3 deste domingo, 24, ocorreu um acidente a\u00e9reo envolvendo o presidente do clube Lucas Meira, quando decolava para Goi\u00e2nia, para a partida entre Vila Nova x Palmas nesta segunda, 25, v\u00e1lida pela Copa Verde. O avi\u00e3o em que Lucas estava junto com o comandante Wagner e os atletas Lucas Praxedes, Guilherme No\u00e9, Ranule e Marcus Molinari, decolou e caiu no final da pista da Associa\u00e7\u00e3o Tocantinense de Avia\u00e7\u00e3o. Lamentamos informar que n\u00e3o h\u00e1 sobreviventes. Neste momento de dor e consterna\u00e7\u00e3o, o clube pede ora\u00e7\u00f5es pelos familiares aos quais prestar\u00e1 os devidos apoios, e ressalta que no momento oportuno voltar\u00e1 a se pronunciar.<\/em><\/p>\n<p style=\"text-align: justify;\" data-track-category=\"Link no Texto\" data-track-links=\"\">Fonte: G1<\/p>\n<\/div>\n<\/div>\n","protected":false},"excerpt":{"rendered":"<p>Aeronave caiu perto da cabeceira de uma pista de pouso no distrito. Delega\u00e7\u00e3o ia para Goi\u00e2nia enfrentar o Vila Nova pela Copa Verde. Um avi\u00e3o com parte da equipe do Palmas Futebol e Regatas, time da S\u00e9rie D, caiu na manh\u00e3 deste domingo (24), pouco ap\u00f3s decolar, no distrito de Luzimangues, em Porto Nacional (TO). [&hellip;]<\/p>\n","protected":false},"author":1,"featured_media":42184,"comment_status":"closed","ping_status":"open","sticky":false,"template":"","format":"standard","meta":{"footnotes":""},"categories":[170,110],"tags":[],"class_list":["post-42183","post","type-post","status-publish","format-standard","has-post-thumbnail","hentry","category-acidentes","category-noticiasdestaque"],"_links":{"self":[{"href":"https:\/\/jorgezanoni.com.br\/2019\/wp-json\/wp\/v2\/posts\/42183","targetHints":{"allow":["GET"]}}],"collection":[{"href":"https:\/\/jorgezanoni.com.br\/2019\/wp-json\/wp\/v2\/posts"}],"about":[{"href":"https:\/\/jorgezanoni.com.br\/2019\/wp-json\/wp\/v2\/types\/post"}],"author":[{"embeddable":true,"href":"https:\/\/jorgezanoni.com.br\/2019\/wp-json\/wp\/v2\/users\/1"}],"replies":[{"embeddable":true,"href":"https:\/\/jorgezanoni.com.br\/2019\/wp-json\/wp\/v2\/comments?post=42183"}],"version-history":[{"count":0,"href":"https:\/\/jorgezanoni.com.br\/2019\/wp-json\/wp\/v2\/posts\/42183\/revisions"}],"wp:featuredmedia":[{"embeddable":true,"href":"https:\/\/jorgezanoni.com.br\/2019\/wp-json\/wp\/v2\/media\/42184"}],"wp:attachment":[{"href":"https:\/\/jorgezanoni.com.br\/2019\/wp-json\/wp\/v2\/media?parent=42183"}],"wp:term":[{"taxonomy":"category","embeddable":true,"href":"https:\/\/jorgezanoni.com.br\/2019\/wp-json\/wp\/v2\/categories?post=42183"},{"taxonomy":"post_tag","embeddable":true,"href":"https:\/\/jorgezanoni.com.br\/2019\/wp-json\/wp\/v2\/tags?post=42183"}],"curies":[{"name":"wp","href":"https:\/\/api.w.org\/{rel}","templated":true}]}}