{"id":42140,"date":"2021-01-23T18:44:26","date_gmt":"2021-01-23T18:44:26","guid":{"rendered":"https:\/\/jorgezanoni.com.br\/2019\/?p=42140"},"modified":"2021-01-23T18:44:26","modified_gmt":"2021-01-23T18:44:26","slug":"projeto-preve-prorrogacao-do-auxilio-ate-abril-com-valor-de-r-600","status":"publish","type":"post","link":"https:\/\/jorgezanoni.com.br\/2019\/projeto-preve-prorrogacao-do-auxilio-ate-abril-com-valor-de-r-600\/","title":{"rendered":"Projeto prev\u00ea prorroga\u00e7\u00e3o do aux\u00edlio at\u00e9 abril com valor de R$ 600"},"content":{"rendered":"<p style=\"text-align: justify;\">Projeto de lei protocolado na C\u00e2mara dos Deputados, de autoria do deputado Chiquinho Braz\u00e3o (Avante-RJ), prorroga\u00a0o\u00a0pagamento do aux\u00edlio emergencial\u00a0com valor de R$ 600 at\u00e9 abril deste ano.<\/p>\n<p style=\"text-align: justify;\">O benef\u00edcio, criado pela Lei 13.982\/20, foi dado para auxiliar brasileiros em situa\u00e7\u00e3o de vulnerabilidade social durante a\u00a0pandemia da covid-19.\u00a0No entanto, foi encerrado em 31 de dezembro do ano passado &#8211; cinco parcelas de R$ 600 e as quatro \u00faltimas de R$ 300.<\/p>\n<p style=\"text-align: justify;\">O projeto de lei prev\u00ea, ent\u00e3o, a prorroga\u00e7\u00e3o do benef\u00edcio. &#8220;As fam\u00edlias brasileiras ainda precisam de ajuda do poder p\u00fablico para continuar sustentando seus lares. Os efeitos ben\u00e9ficos do aux\u00edlio foram de grande impacto positivo; principalmente na redu\u00e7\u00e3o da pobreza, ainda que de forma tempor\u00e1ria&#8221;, diz Braz\u00e3o.<\/p>\n<p style=\"text-align: justify;\">&#8220;Caso o aux\u00edlio n\u00e3o tivesse sido oferecido desde abril\/2020, o \u00edndice de pobreza teria saltado para 36% durante a pandemia. Al\u00e9m da queda de renda da popula\u00e7\u00e3o, o fim do benef\u00edcio ir\u00e1 afetar a arrecada\u00e7\u00e3o de Estados e munic\u00edpios e os pequenos com\u00e9rcios locais&#8221;, acrescenta.<\/p>\n<p style=\"text-align: justify;\">Fonte: Ag\u00eancia C\u00e2mara<\/p>\n","protected":false},"excerpt":{"rendered":"<p>Projeto de lei protocolado na C\u00e2mara dos Deputados, de autoria do deputado Chiquinho Braz\u00e3o (Avante-RJ), prorroga\u00a0o\u00a0pagamento do aux\u00edlio emergencial\u00a0com valor de R$ 600 at\u00e9 abril deste ano. O benef\u00edcio, criado pela Lei 13.982\/20, foi dado para auxiliar brasileiros em situa\u00e7\u00e3o de vulnerabilidade social durante a\u00a0pandemia da covid-19.\u00a0No entanto, foi encerrado em 31 de dezembro do [&hellip;]<\/p>\n","protected":false},"author":1,"featured_media":42141,"comment_status":"closed","ping_status":"open","sticky":false,"template":"","format":"standard","meta":{"footnotes":""},"categories":[110,116],"tags":[],"class_list":["post-42140","post","type-post","status-publish","format-standard","has-post-thumbnail","hentry","category-noticiasdestaque","category-politicaeeconomia"],"_links":{"self":[{"href":"https:\/\/jorgezanoni.com.br\/2019\/wp-json\/wp\/v2\/posts\/42140","targetHints":{"allow":["GET"]}}],"collection":[{"href":"https:\/\/jorgezanoni.com.br\/2019\/wp-json\/wp\/v2\/posts"}],"about":[{"href":"https:\/\/jorgezanoni.com.br\/2019\/wp-json\/wp\/v2\/types\/post"}],"author":[{"embeddable":true,"href":"https:\/\/jorgezanoni.com.br\/2019\/wp-json\/wp\/v2\/users\/1"}],"replies":[{"embeddable":true,"href":"https:\/\/jorgezanoni.com.br\/2019\/wp-json\/wp\/v2\/comments?post=42140"}],"version-history":[{"count":0,"href":"https:\/\/jorgezanoni.com.br\/2019\/wp-json\/wp\/v2\/posts\/42140\/revisions"}],"wp:featuredmedia":[{"embeddable":true,"href":"https:\/\/jorgezanoni.com.br\/2019\/wp-json\/wp\/v2\/media\/42141"}],"wp:attachment":[{"href":"https:\/\/jorgezanoni.com.br\/2019\/wp-json\/wp\/v2\/media?parent=42140"}],"wp:term":[{"taxonomy":"category","embeddable":true,"href":"https:\/\/jorgezanoni.com.br\/2019\/wp-json\/wp\/v2\/categories?post=42140"},{"taxonomy":"post_tag","embeddable":true,"href":"https:\/\/jorgezanoni.com.br\/2019\/wp-json\/wp\/v2\/tags?post=42140"}],"curies":[{"name":"wp","href":"https:\/\/api.w.org\/{rel}","templated":true}]}}