{"id":42137,"date":"2021-01-23T18:16:56","date_gmt":"2021-01-23T18:16:56","guid":{"rendered":"https:\/\/jorgezanoni.com.br\/2019\/?p=42137"},"modified":"2021-01-23T18:16:56","modified_gmt":"2021-01-23T18:16:56","slug":"na-sombra-da-covid-19-sarampo-avanca-e-provoca-mortes-no-brasil-por-falta-de-vacinacao","status":"publish","type":"post","link":"https:\/\/jorgezanoni.com.br\/2019\/na-sombra-da-covid-19-sarampo-avanca-e-provoca-mortes-no-brasil-por-falta-de-vacinacao\/","title":{"rendered":"Na sombra da Covid-19, sarampo avan\u00e7a e provoca mortes no Brasil por falta de vacina\u00e7\u00e3o"},"content":{"rendered":"<p style=\"text-align: justify;\">Enquanto h\u00e1 grande expectativa sobre os imunizantes que proteger\u00e3o contra a Covid-19 \u2014 dois deles aprovados pela Anvisa no domingo \u2014, a cobertura vacinal de outras enfermidades n\u00e3o atinge o m\u00ednimo necess\u00e1rio. Seis das sete mortes causadas pelo sarampo no Brasil em 2020 ocorreram em crian\u00e7as com menos de 18 meses. A s\u00e9tima v\u00edtima foi um homem de 34 anos. Nenhum deles tinha hist\u00f3rico de vacina\u00e7\u00e3o contra a doen\u00e7a.<\/p>\n<p style=\"text-align: justify;\">No ano passado, foram confirmados 8.419 casos de sarampo no pa\u00eds, at\u00e9 o dia 19 de dezembro. E h\u00e1, ainda, 371 em investiga\u00e7\u00e3o.<\/p>\n<p style=\"text-align: justify;\">O estado do Par\u00e1 concentra o maior n\u00famero de casos confirmados \u2014\u00a05.375 diagn\u00f3sticos \u2014 e cinco mortes (dois residentes no munic\u00edpio de Bel\u00e9m, dois em Novo Repartimento e um em Igarap\u00e9-Miri). Ele \u00e9 seguido por Rio de Janeiro, com\u00a01.347 casos e uma morte (um menino\u00a0residente no munic\u00edpio de Nova Igua\u00e7u); S\u00e3o Paulo, com\u00a0864 diagn\u00f3sticos e uma morte (residente na capital); Paran\u00e1, com\u00a0377 casos; Amap\u00e1,\u00a0177 pessoas infectadas; e Santa Catarina, com 110 diagn\u00f3sticos positivos. Outros 15 estados apresentaram menos de 100 casos de infec\u00e7\u00e3o pelo v\u00edrus do\u00a0sarampo.<\/p>\n<p style=\"text-align: justify;\"><strong>Casos confirmados de sarampo em 2020<\/strong><br \/>\nA vacina\u00e7\u00e3o \u00e9 a \u00fanica forma de prote\u00e7\u00e3o contra a doen\u00e7a. No entanto, a cobertura vacinal n\u00e3o tem atingido a porcentagem m\u00ednima para garantir que o v\u00edrus n\u00e3o circule em territ\u00f3rio brasileiro. Desde 2017, a primeira e segunda doses da tr\u00edplice viral em crian\u00e7as \u2014 que al\u00e9m do sarampo protege tamb\u00e9m contra caxumba e rub\u00e9ola \u2014 n\u00e3o alcan\u00e7ou os 95% de cobertura, necess\u00e1rios para deixar a popula\u00e7\u00e3o protegida. Dados do Minist\u00e9rio da Sa\u00fade mostram que, at\u00e9 de 2 de outubro de 2020, a primeira dose tinha sido aplicada em apenas 70,64% do p\u00fablico-alvo (crian\u00e7as com 12 meses), e a segunda dose \u2014 que inclui a prote\u00e7\u00e3o contra a varicela \u2014 foi inoculada em 55,77% das crian\u00e7as com 15 meses.<\/p>\n<p style=\"text-align: justify;\">A dose zero da tr\u00edplice viral, implementada pelo Minist\u00e9rio da Sa\u00fade em agosto de 2019 e indicada para crian\u00e7as a partir dos 6 meses, agora s\u00f3 \u00e9 aplicada em beb\u00eas que vivem nos estados com surto ativo de\u00a0sarampo, que segundo o \u00faltimo boletim epidemiol\u00f3gico s\u00e3o\u00a0Par\u00e1, Rio de Janeiro, S\u00e3o Paulo e Amap\u00e1. Ela n\u00e3o substitui as primeira e segunda doses. Adolescentes e adultos de at\u00e9 29 anos devem tomar duas doses da vacina contra o\u00a0sarampo\u00a0caso n\u00e3o tenham hist\u00f3rico vacinal. Entre 30 e 59 anos, \u00e9 necess\u00e1ria apenas uma dose se a pessoa nunca tiver se vacinado.<\/p>\n<p style=\"text-align: justify;\">Juarez Cunha, presidente da Sociedade Brasileira de Imuniza\u00e7\u00f5es (SBIm), lista alguns motivos para as baixas coberturas vacinais no Brasil.<\/p>\n<p style=\"text-align: justify;\">\u2014 Existe um fen\u00f4meno chamado de \u201cevita\u00e7\u00e3o vacinal\u201d, que significa que temos a recomenda\u00e7\u00e3o de vacinar, a vacina dispon\u00edvel gratuitamente, e mesmo assim ela n\u00e3o \u00e9 aplicada ou \u00e9 com atraso \u2014 explica Cunha: \u2014 E dentro dos determinantes da evita\u00e7\u00e3o est\u00e3o a complac\u00eancia (percep\u00e7\u00e3o de que a doen\u00e7a n\u00e3o \u00e9 perigosa), a falta de confian\u00e7a (n\u00e3o s\u00f3 na efic\u00e1cia e seguran\u00e7a da vacina, mas nos governantes, nas institui\u00e7\u00f5es e profissionais de sa\u00fade, que tem sido abalada por conta de fake news) e a conveni\u00eancia (hor\u00e1rios de funcionamento dos postos).<\/p>\n<p style=\"text-align: justify;\">Na vis\u00e3o T\u00e2nia Chaves, infectologista da Universidade Federal do Par\u00e1 (UFPA) \u00e9 preciso investir na educa\u00e7\u00e3o continuada da popula\u00e7\u00e3o sobre a import\u00e2ncia da vacina\u00e7\u00e3o.<\/p>\n<p style=\"text-align: justify;\">\u2014 Se a pessoa n\u00e3o toma a vacina, ela corre o risco de contrair a forma grave do sarampo, que n\u00e3o aparece apenas em crian\u00e7as, como em adultos jovens tamb\u00e9m. Temos que ter uma a\u00e7\u00e3o proativa nas \u00e1reas rurais para informar e esclarecer a popula\u00e7\u00e3o sobre esta import\u00e2ncia. As vacinas s\u00e3o t\u00e3o importantes quanto a \u00e1gua pot\u00e1vel. Para mim, s\u00e3o os dois grandes feitos da humanidade para sa\u00fade.<\/p>\n<p style=\"text-align: justify;\">Em 2016, o Brasil recebeu da\u00a0Organiza\u00e7\u00e3o Pan Americana de Sa\u00fade (OPAS\/OMS) um certificado de erradica\u00e7\u00e3o do\u00a0sarampo. No entanto, o\u00a0pa\u00eds perdeu este reconhecimento em 2019, ap\u00f3s ocorrer um surto da doen\u00e7a por mais de um ano, com novos casos surgindo. Em 2018 o Brasil registrou\u00a010.274 diagn\u00f3sticos positivos da doen\u00e7a, com o surto ocorrendo no Amazonas e em Roraima. Naquele ano 12 pessoas morreram em decorr\u00eancia da doen\u00e7a.<\/p>\n<p style=\"text-align: justify;\">J\u00e1 em 2019, o n\u00famero de casos confirmados foi bem maior:\u00a018.203 infectados, com 15 mortes. O surto ocorreu nos estados\u00a0de S\u00e3o Paulo (com maior n\u00famero de casos), seguido do Paran\u00e1, Rio de Janeiro, Pernambuco, Santa Catarina, Minas Gerais e Par\u00e1.<\/p>\n<p style=\"text-align: justify;\">Fonte: O Globo<\/p>\n","protected":false},"excerpt":{"rendered":"<p>Enquanto h\u00e1 grande expectativa sobre os imunizantes que proteger\u00e3o contra a Covid-19 \u2014 dois deles aprovados pela Anvisa no domingo \u2014, a cobertura vacinal de outras enfermidades n\u00e3o atinge o m\u00ednimo necess\u00e1rio. Seis das sete mortes causadas pelo sarampo no Brasil em 2020 ocorreram em crian\u00e7as com menos de 18 meses. A s\u00e9tima v\u00edtima foi [&hellip;]<\/p>\n","protected":false},"author":1,"featured_media":42138,"comment_status":"closed","ping_status":"open","sticky":false,"template":"","format":"standard","meta":{"footnotes":""},"categories":[110,122],"tags":[],"class_list":["post-42137","post","type-post","status-publish","format-standard","has-post-thumbnail","hentry","category-noticiasdestaque","category-saudeeducacaoeconcurso"],"_links":{"self":[{"href":"https:\/\/jorgezanoni.com.br\/2019\/wp-json\/wp\/v2\/posts\/42137","targetHints":{"allow":["GET"]}}],"collection":[{"href":"https:\/\/jorgezanoni.com.br\/2019\/wp-json\/wp\/v2\/posts"}],"about":[{"href":"https:\/\/jorgezanoni.com.br\/2019\/wp-json\/wp\/v2\/types\/post"}],"author":[{"embeddable":true,"href":"https:\/\/jorgezanoni.com.br\/2019\/wp-json\/wp\/v2\/users\/1"}],"replies":[{"embeddable":true,"href":"https:\/\/jorgezanoni.com.br\/2019\/wp-json\/wp\/v2\/comments?post=42137"}],"version-history":[{"count":0,"href":"https:\/\/jorgezanoni.com.br\/2019\/wp-json\/wp\/v2\/posts\/42137\/revisions"}],"wp:featuredmedia":[{"embeddable":true,"href":"https:\/\/jorgezanoni.com.br\/2019\/wp-json\/wp\/v2\/media\/42138"}],"wp:attachment":[{"href":"https:\/\/jorgezanoni.com.br\/2019\/wp-json\/wp\/v2\/media?parent=42137"}],"wp:term":[{"taxonomy":"category","embeddable":true,"href":"https:\/\/jorgezanoni.com.br\/2019\/wp-json\/wp\/v2\/categories?post=42137"},{"taxonomy":"post_tag","embeddable":true,"href":"https:\/\/jorgezanoni.com.br\/2019\/wp-json\/wp\/v2\/tags?post=42137"}],"curies":[{"name":"wp","href":"https:\/\/api.w.org\/{rel}","templated":true}]}}