{"id":42109,"date":"2021-01-23T16:41:05","date_gmt":"2021-01-23T16:41:05","guid":{"rendered":"https:\/\/jorgezanoni.com.br\/2019\/?p=42109"},"modified":"2021-01-23T16:41:05","modified_gmt":"2021-01-23T16:41:05","slug":"policia-militar-participa-da-operacao-conjunta-de-olho-na-aglomeracao-em-dracena","status":"publish","type":"post","link":"https:\/\/jorgezanoni.com.br\/2019\/policia-militar-participa-da-operacao-conjunta-de-olho-na-aglomeracao-em-dracena\/","title":{"rendered":"Pol\u00edcia Militar participa da opera\u00e7\u00e3o conjunta &#8220;De olho na aglomera\u00e7\u00e3o&#8221; em Dracena"},"content":{"rendered":"<p style=\"text-align: justify;\"><strong>POL\u00cdCIA MILITAR EM DRACENA PARTICIPA DA OPERA\u00c7\u00c3O CONJUNTA DE OLHO NA AGLOMERA\u00c7\u00c3O.<\/strong><\/p>\n<p style=\"text-align: justify;\">Na noite de hoje (22) est\u00e1 ocorrendo em Dracena a Opera\u00e7\u00e3o conjunta entre Pol\u00edcia Militar, \u00f3rg\u00e3os municipais( Conselho Tutelar e Vigil\u00e2ncia Sanit\u00e1ria) e Pol\u00edcia Civil, com intuito de desuadir aglomera\u00e7\u00f5es tendo em vista os Decretos Estaduais.<br \/>\nA Pol\u00edcia Militar al\u00e9m do apoio aos \u00f3rg\u00e3os municipais agir\u00e1 na fiscaliza\u00e7\u00e3o de ve\u00edculos com som alto, que constatado a irregularidade ser\u00e1 confeccionada ocorr\u00eancia, apreender\u00e1 o ve\u00edculo para per\u00edcia, que ser\u00e1 realizada no primeiro dia \u00fatil de expediente seguinte a data da apreens\u00e3o.<br \/>\nAl\u00e9m disso, apoiar\u00e1 \u00e0 Vigil\u00e2ncia Sanit\u00e1ria que fiscalizar\u00e1 pessoas sem uso de m\u00e1scara e aglomera\u00e7\u00f5es e o o Conselho Tutelar atuar\u00e1 na fiscaliza\u00e7\u00e3o de bebidas alco\u00f3licas e uso de narguile \u00e0 menores.<br \/>\nA Opera\u00e7\u00e3o que ocorrer\u00e1 em v\u00e1rios dias teve como um dos locais de fiscaliza\u00e7\u00e3o a Avenida Washington Lu\u00eds.<\/p>\n<p><img loading=\"lazy\" decoding=\"async\" class=\"alignnone size-full wp-image-42110\" src=\"https:\/\/jorgezanoni.com.br\/2019\/wp-content\/uploads\/2021\/01\/Pol.jpg\" alt=\"\" width=\"1032\" height=\"774\" srcset=\"https:\/\/jorgezanoni.com.br\/2019\/wp-content\/uploads\/2021\/01\/Pol.jpg 1032w, https:\/\/jorgezanoni.com.br\/2019\/wp-content\/uploads\/2021\/01\/Pol-300x225.jpg 300w, https:\/\/jorgezanoni.com.br\/2019\/wp-content\/uploads\/2021\/01\/Pol-1024x768.jpg 1024w, https:\/\/jorgezanoni.com.br\/2019\/wp-content\/uploads\/2021\/01\/Pol-768x576.jpg 768w, https:\/\/jorgezanoni.com.br\/2019\/wp-content\/uploads\/2021\/01\/Pol-80x60.jpg 80w, https:\/\/jorgezanoni.com.br\/2019\/wp-content\/uploads\/2021\/01\/Pol-265x198.jpg 265w, https:\/\/jorgezanoni.com.br\/2019\/wp-content\/uploads\/2021\/01\/Pol-696x522.jpg 696w, https:\/\/jorgezanoni.com.br\/2019\/wp-content\/uploads\/2021\/01\/Pol-560x420.jpg 560w\" sizes=\"auto, (max-width: 1032px) 100vw, 1032px\" \/> <img loading=\"lazy\" decoding=\"async\" class=\"alignnone size-full wp-image-42111\" src=\"https:\/\/jorgezanoni.com.br\/2019\/wp-content\/uploads\/2021\/01\/pol1.jpg\" alt=\"\" width=\"1032\" height=\"774\" srcset=\"https:\/\/jorgezanoni.com.br\/2019\/wp-content\/uploads\/2021\/01\/pol1.jpg 1032w, https:\/\/jorgezanoni.com.br\/2019\/wp-content\/uploads\/2021\/01\/pol1-300x225.jpg 300w, https:\/\/jorgezanoni.com.br\/2019\/wp-content\/uploads\/2021\/01\/pol1-1024x768.jpg 1024w, https:\/\/jorgezanoni.com.br\/2019\/wp-content\/uploads\/2021\/01\/pol1-768x576.jpg 768w, https:\/\/jorgezanoni.com.br\/2019\/wp-content\/uploads\/2021\/01\/pol1-80x60.jpg 80w, https:\/\/jorgezanoni.com.br\/2019\/wp-content\/uploads\/2021\/01\/pol1-265x198.jpg 265w, https:\/\/jorgezanoni.com.br\/2019\/wp-content\/uploads\/2021\/01\/pol1-696x522.jpg 696w, https:\/\/jorgezanoni.com.br\/2019\/wp-content\/uploads\/2021\/01\/pol1-560x420.jpg 560w\" sizes=\"auto, (max-width: 1032px) 100vw, 1032px\" \/> <img loading=\"lazy\" decoding=\"async\" class=\"alignnone size-full wp-image-42112\" src=\"https:\/\/jorgezanoni.com.br\/2019\/wp-content\/uploads\/2021\/01\/pol2.jpg\" alt=\"\" width=\"965\" height=\"533\" srcset=\"https:\/\/jorgezanoni.com.br\/2019\/wp-content\/uploads\/2021\/01\/pol2.jpg 965w, https:\/\/jorgezanoni.com.br\/2019\/wp-content\/uploads\/2021\/01\/pol2-300x166.jpg 300w, https:\/\/jorgezanoni.com.br\/2019\/wp-content\/uploads\/2021\/01\/pol2-768x424.jpg 768w, https:\/\/jorgezanoni.com.br\/2019\/wp-content\/uploads\/2021\/01\/pol2-696x385.jpg 696w, https:\/\/jorgezanoni.com.br\/2019\/wp-content\/uploads\/2021\/01\/pol2-760x420.jpg 760w\" sizes=\"auto, (max-width: 965px) 100vw, 965px\" \/> <img loading=\"lazy\" decoding=\"async\" class=\"alignnone size-full wp-image-42113\" src=\"https:\/\/jorgezanoni.com.br\/2019\/wp-content\/uploads\/2021\/01\/pol3.jpg\" alt=\"\" width=\"1280\" height=\"960\" srcset=\"https:\/\/jorgezanoni.com.br\/2019\/wp-content\/uploads\/2021\/01\/pol3.jpg 1280w, https:\/\/jorgezanoni.com.br\/2019\/wp-content\/uploads\/2021\/01\/pol3-300x225.jpg 300w, https:\/\/jorgezanoni.com.br\/2019\/wp-content\/uploads\/2021\/01\/pol3-1024x768.jpg 1024w, https:\/\/jorgezanoni.com.br\/2019\/wp-content\/uploads\/2021\/01\/pol3-768x576.jpg 768w, https:\/\/jorgezanoni.com.br\/2019\/wp-content\/uploads\/2021\/01\/pol3-80x60.jpg 80w, https:\/\/jorgezanoni.com.br\/2019\/wp-content\/uploads\/2021\/01\/pol3-265x198.jpg 265w, https:\/\/jorgezanoni.com.br\/2019\/wp-content\/uploads\/2021\/01\/pol3-696x522.jpg 696w, https:\/\/jorgezanoni.com.br\/2019\/wp-content\/uploads\/2021\/01\/pol3-1068x801.jpg 1068w, https:\/\/jorgezanoni.com.br\/2019\/wp-content\/uploads\/2021\/01\/pol3-560x420.jpg 560w\" sizes=\"auto, (max-width: 1280px) 100vw, 1280px\" \/> <img loading=\"lazy\" decoding=\"async\" class=\"alignnone size-full wp-image-42114\" src=\"https:\/\/jorgezanoni.com.br\/2019\/wp-content\/uploads\/2021\/01\/pol4.jpg\" alt=\"\" width=\"1032\" height=\"774\" srcset=\"https:\/\/jorgezanoni.com.br\/2019\/wp-content\/uploads\/2021\/01\/pol4.jpg 1032w, https:\/\/jorgezanoni.com.br\/2019\/wp-content\/uploads\/2021\/01\/pol4-300x225.jpg 300w, https:\/\/jorgezanoni.com.br\/2019\/wp-content\/uploads\/2021\/01\/pol4-1024x768.jpg 1024w, https:\/\/jorgezanoni.com.br\/2019\/wp-content\/uploads\/2021\/01\/pol4-768x576.jpg 768w, https:\/\/jorgezanoni.com.br\/2019\/wp-content\/uploads\/2021\/01\/pol4-80x60.jpg 80w, https:\/\/jorgezanoni.com.br\/2019\/wp-content\/uploads\/2021\/01\/pol4-265x198.jpg 265w, https:\/\/jorgezanoni.com.br\/2019\/wp-content\/uploads\/2021\/01\/pol4-696x522.jpg 696w, https:\/\/jorgezanoni.com.br\/2019\/wp-content\/uploads\/2021\/01\/pol4-560x420.jpg 560w\" sizes=\"auto, (max-width: 1032px) 100vw, 1032px\" \/><\/p>\n<p><strong>RESULTADOS DA OPERA\u00c7\u00c3O:<\/strong><\/p>\n<p style=\"text-align: justify;\">6 estabelecimentos fiscalizados (bares e restaurantes) na Av. W. Lu\u00eds e Av. Tiradentes, em conjunto com Conselho Tutelar. Orienta\u00e7\u00f5es. Nada de irregular constatado.<\/p>\n<p style=\"text-align: justify;\">18 pessoas qualificadas e orientadas.<\/p>\n<p style=\"text-align: justify;\">14 ve\u00edculos fiscalizados.<\/p>\n<p style=\"text-align: justify;\">2 autua\u00e7\u00f5es<\/p>\n<p style=\"text-align: justify;\">1 Certificado Recolhimento (licenciamento)<\/p>\n<p style=\"text-align: justify;\">2 BOPM<\/p>\n<p style=\"text-align: justify;\">J\u00e1 por volta das 02h00 devido ocorr\u00eancia em um bar\/restaurante na cidade ao adentrar o local foi constatado que haviam pelo menos 50 pessoas consumindo, todas sem m\u00e1scara. Elaborado BOPM pela Desobedi\u00eancia \u00e0s restri\u00e7\u00f5es COVID.<\/p>\n<p style=\"text-align: justify;\">#25BPMI<br \/>\n#POLICIAMILITARSP<br \/>\n#AFOR\u00c7APUBLICADES\u00c3OPAULO<br \/>\nCOMUNICA\u00c7\u00c3O SOCIAL DO 25 BPMI e regi\u00e3o.<\/p>\n","protected":false},"excerpt":{"rendered":"<p>POL\u00cdCIA MILITAR EM DRACENA PARTICIPA DA OPERA\u00c7\u00c3O CONJUNTA DE OLHO NA AGLOMERA\u00c7\u00c3O. Na noite de hoje (22) est\u00e1 ocorrendo em Dracena a Opera\u00e7\u00e3o conjunta entre Pol\u00edcia Militar, \u00f3rg\u00e3os municipais( Conselho Tutelar e Vigil\u00e2ncia Sanit\u00e1ria) e Pol\u00edcia Civil, com intuito de desuadir aglomera\u00e7\u00f5es tendo em vista os Decretos Estaduais. A Pol\u00edcia Militar al\u00e9m do apoio aos [&hellip;]<\/p>\n","protected":false},"author":1,"featured_media":42111,"comment_status":"closed","ping_status":"open","sticky":false,"template":"","format":"standard","meta":{"footnotes":""},"categories":[110,2],"tags":[],"class_list":["post-42109","post","type-post","status-publish","format-standard","has-post-thumbnail","hentry","category-noticiasdestaque","category-policial"],"_links":{"self":[{"href":"https:\/\/jorgezanoni.com.br\/2019\/wp-json\/wp\/v2\/posts\/42109","targetHints":{"allow":["GET"]}}],"collection":[{"href":"https:\/\/jorgezanoni.com.br\/2019\/wp-json\/wp\/v2\/posts"}],"about":[{"href":"https:\/\/jorgezanoni.com.br\/2019\/wp-json\/wp\/v2\/types\/post"}],"author":[{"embeddable":true,"href":"https:\/\/jorgezanoni.com.br\/2019\/wp-json\/wp\/v2\/users\/1"}],"replies":[{"embeddable":true,"href":"https:\/\/jorgezanoni.com.br\/2019\/wp-json\/wp\/v2\/comments?post=42109"}],"version-history":[{"count":0,"href":"https:\/\/jorgezanoni.com.br\/2019\/wp-json\/wp\/v2\/posts\/42109\/revisions"}],"wp:featuredmedia":[{"embeddable":true,"href":"https:\/\/jorgezanoni.com.br\/2019\/wp-json\/wp\/v2\/media\/42111"}],"wp:attachment":[{"href":"https:\/\/jorgezanoni.com.br\/2019\/wp-json\/wp\/v2\/media?parent=42109"}],"wp:term":[{"taxonomy":"category","embeddable":true,"href":"https:\/\/jorgezanoni.com.br\/2019\/wp-json\/wp\/v2\/categories?post=42109"},{"taxonomy":"post_tag","embeddable":true,"href":"https:\/\/jorgezanoni.com.br\/2019\/wp-json\/wp\/v2\/tags?post=42109"}],"curies":[{"name":"wp","href":"https:\/\/api.w.org\/{rel}","templated":true}]}}