{"id":4210,"date":"2019-08-20T21:57:24","date_gmt":"2019-08-20T21:57:24","guid":{"rendered":"https:\/\/jorgezanoni.com.br\/2019\/?p=4210"},"modified":"2019-08-20T21:57:24","modified_gmt":"2019-08-20T21:57:24","slug":"policia-civil-esclarece-furto-em-residencia-ocorrido-em-panorama","status":"publish","type":"post","link":"https:\/\/jorgezanoni.com.br\/2019\/policia-civil-esclarece-furto-em-residencia-ocorrido-em-panorama\/","title":{"rendered":"Policia Civil esclarece furto em resid\u00eancia ocorrido em Panorama"},"content":{"rendered":"<p><strong>FURTO EM RESID\u00caNCIA: Policia Civil esclarece furto em resid\u00eancia ocorrido em Panorama.<\/strong><\/p>\n<p style=\"text-align: justify;\">O autor foi ouvido e liberado, ser\u00e1 indiciado formalmente, relatado o inqu\u00e9rito policial ser\u00e1 encaminhado Justi\u00e7a. A pena por furto qualificado \u00e9 de at\u00e9 8 anos de reclus\u00e3o.<br \/>\nA Pol\u00edcia Civil, por interm\u00e9dio da Delegacia de Pol\u00edcia de Panorama, nesta segunda-feira (19), esclareceu um furto ocorrido em uma resid\u00eancia, localizada no bairro Jardim Aeroporto, em Panorama.<br \/>\nO crime teria acontecido no dia 10\/8, quando desconhecidos entraram na resid\u00eancia, mediante arrombamento de uma janela da cozinha do im\u00f3vel, e furtaram diversos objetos e utens\u00edlios da casa, fugindo em seguida.<br \/>\nT\u00e3o logo, tomou-se conhecimento do crime, agentes do setor de investiga\u00e7\u00e3o da Delegacia de Pol\u00edcia de Panorama, iniciaram as investiga\u00e7\u00f5es. Os trabalhos apontaram para um suspeito, um homem de 20 anos, encontrado e conduzido a delegacia, confessou a autoria do delito. O suposto autor teria alegado que ap\u00f3s furtar teria vendido todos os objetos, mencionado ainda que praticou o furto para sustentar o v\u00edcio de drogas.<br \/>\nEm raz\u00e3o, de n\u00e3o estarem presentes os requisitos autorizadores da pris\u00e3o em flagrante, o homem foi ouvido e liberado, ser\u00e1 indiciado, ao ser relatado o inqu\u00e9rito policial ser\u00e1 encaminhado \u00e0 Justi\u00e7a. Caso seja condenado ele poder\u00e1 pegar pena de at\u00e9 8 anos de reclus\u00e3o.<br \/>\nAs investiga\u00e7\u00f5es prosseguem visando identificar o suposto receptador dos objetos furtados, efetuar sua pris\u00e3o, al\u00e9m de tentar recuperar e restituir os bens subtra\u00eddos ao leg\u00edtimo propriet\u00e1rio.<\/p>\n<p>Fonte: Com. Social Pol\u00edcia Civil<\/p>\n","protected":false},"excerpt":{"rendered":"<p>FURTO EM RESID\u00caNCIA: Policia Civil esclarece furto em resid\u00eancia ocorrido em Panorama. O autor foi ouvido e liberado, ser\u00e1 indiciado formalmente, relatado o inqu\u00e9rito policial ser\u00e1 encaminhado Justi\u00e7a. A pena por furto qualificado \u00e9 de at\u00e9 8 anos de reclus\u00e3o. A Pol\u00edcia Civil, por interm\u00e9dio da Delegacia de Pol\u00edcia de Panorama, nesta segunda-feira (19), esclareceu [&hellip;]<\/p>\n","protected":false},"author":1,"featured_media":4211,"comment_status":"closed","ping_status":"open","sticky":false,"template":"","format":"standard","meta":{"footnotes":""},"categories":[110,2],"tags":[],"class_list":["post-4210","post","type-post","status-publish","format-standard","has-post-thumbnail","hentry","category-noticiasdestaque","category-policial"],"_links":{"self":[{"href":"https:\/\/jorgezanoni.com.br\/2019\/wp-json\/wp\/v2\/posts\/4210","targetHints":{"allow":["GET"]}}],"collection":[{"href":"https:\/\/jorgezanoni.com.br\/2019\/wp-json\/wp\/v2\/posts"}],"about":[{"href":"https:\/\/jorgezanoni.com.br\/2019\/wp-json\/wp\/v2\/types\/post"}],"author":[{"embeddable":true,"href":"https:\/\/jorgezanoni.com.br\/2019\/wp-json\/wp\/v2\/users\/1"}],"replies":[{"embeddable":true,"href":"https:\/\/jorgezanoni.com.br\/2019\/wp-json\/wp\/v2\/comments?post=4210"}],"version-history":[{"count":0,"href":"https:\/\/jorgezanoni.com.br\/2019\/wp-json\/wp\/v2\/posts\/4210\/revisions"}],"wp:featuredmedia":[{"embeddable":true,"href":"https:\/\/jorgezanoni.com.br\/2019\/wp-json\/wp\/v2\/media\/4211"}],"wp:attachment":[{"href":"https:\/\/jorgezanoni.com.br\/2019\/wp-json\/wp\/v2\/media?parent=4210"}],"wp:term":[{"taxonomy":"category","embeddable":true,"href":"https:\/\/jorgezanoni.com.br\/2019\/wp-json\/wp\/v2\/categories?post=4210"},{"taxonomy":"post_tag","embeddable":true,"href":"https:\/\/jorgezanoni.com.br\/2019\/wp-json\/wp\/v2\/tags?post=4210"}],"curies":[{"name":"wp","href":"https:\/\/api.w.org\/{rel}","templated":true}]}}