{"id":42078,"date":"2021-01-22T22:46:40","date_gmt":"2021-01-22T22:46:40","guid":{"rendered":"https:\/\/jorgezanoni.com.br\/2019\/?p=42078"},"modified":"2021-01-22T22:46:40","modified_gmt":"2021-01-22T22:46:40","slug":"secretario-de-administracao-de-dracena-testa-positivo-para-covid","status":"publish","type":"post","link":"https:\/\/jorgezanoni.com.br\/2019\/secretario-de-administracao-de-dracena-testa-positivo-para-covid\/","title":{"rendered":"Secret\u00e1rio de Administra\u00e7\u00e3o de Dracena testa positivo para covid"},"content":{"rendered":"<p style=\"text-align: justify;\">O secret\u00e1rio de Administra\u00e7\u00e3o, S\u00e9rgio Ricardo Baravelli foi diagnosticado com covid 19. Ele est\u00e1 afastado das fun\u00e7\u00f5es devendo retornar no pr\u00f3ximo dia 29.<\/p>\n<p style=\"text-align: justify;\">O prefeito Andr\u00e9 Lemos informou que Serginho passa bem e a esposa dele, K\u00e1tia Roma, n\u00e3o est\u00e1 com covid.<\/p>\n<p style=\"text-align: justify;\">Diretoria de Comunica\u00e7\u00e3o Prefeitura<\/p>\n","protected":false},"excerpt":{"rendered":"<p>O secret\u00e1rio de Administra\u00e7\u00e3o, S\u00e9rgio Ricardo Baravelli foi diagnosticado com covid 19. Ele est\u00e1 afastado das fun\u00e7\u00f5es devendo retornar no pr\u00f3ximo dia 29. O prefeito Andr\u00e9 Lemos informou que Serginho passa bem e a esposa dele, K\u00e1tia Roma, n\u00e3o est\u00e1 com covid. Diretoria de Comunica\u00e7\u00e3o Prefeitura<\/p>\n","protected":false},"author":1,"featured_media":42079,"comment_status":"closed","ping_status":"open","sticky":false,"template":"","format":"standard","meta":{"footnotes":""},"categories":[179,184,110],"tags":[],"class_list":["post-42078","post","type-post","status-publish","format-standard","has-post-thumbnail","hentry","category-cidadeseregiao","category-dracena","category-noticiasdestaque"],"_links":{"self":[{"href":"https:\/\/jorgezanoni.com.br\/2019\/wp-json\/wp\/v2\/posts\/42078","targetHints":{"allow":["GET"]}}],"collection":[{"href":"https:\/\/jorgezanoni.com.br\/2019\/wp-json\/wp\/v2\/posts"}],"about":[{"href":"https:\/\/jorgezanoni.com.br\/2019\/wp-json\/wp\/v2\/types\/post"}],"author":[{"embeddable":true,"href":"https:\/\/jorgezanoni.com.br\/2019\/wp-json\/wp\/v2\/users\/1"}],"replies":[{"embeddable":true,"href":"https:\/\/jorgezanoni.com.br\/2019\/wp-json\/wp\/v2\/comments?post=42078"}],"version-history":[{"count":0,"href":"https:\/\/jorgezanoni.com.br\/2019\/wp-json\/wp\/v2\/posts\/42078\/revisions"}],"wp:featuredmedia":[{"embeddable":true,"href":"https:\/\/jorgezanoni.com.br\/2019\/wp-json\/wp\/v2\/media\/42079"}],"wp:attachment":[{"href":"https:\/\/jorgezanoni.com.br\/2019\/wp-json\/wp\/v2\/media?parent=42078"}],"wp:term":[{"taxonomy":"category","embeddable":true,"href":"https:\/\/jorgezanoni.com.br\/2019\/wp-json\/wp\/v2\/categories?post=42078"},{"taxonomy":"post_tag","embeddable":true,"href":"https:\/\/jorgezanoni.com.br\/2019\/wp-json\/wp\/v2\/tags?post=42078"}],"curies":[{"name":"wp","href":"https:\/\/api.w.org\/{rel}","templated":true}]}}