{"id":42075,"date":"2021-01-22T22:19:41","date_gmt":"2021-01-22T22:19:41","guid":{"rendered":"https:\/\/jorgezanoni.com.br\/2019\/?p=42075"},"modified":"2021-01-22T22:19:41","modified_gmt":"2021-01-22T22:19:41","slug":"funcionarios-do-pam-de-dracena-testam-positivo-para-covid-19-e-sao-afastados","status":"publish","type":"post","link":"https:\/\/jorgezanoni.com.br\/2019\/funcionarios-do-pam-de-dracena-testam-positivo-para-covid-19-e-sao-afastados\/","title":{"rendered":"Funcion\u00e1rios do PAM de Dracena testam positivo para COVID-19 e s\u00e3o afastados"},"content":{"rendered":"<p style=\"text-align: justify;\"><strong>Sa\u00fade de Dracena remaneja equipes para o PAM e atendimento continua normalmente.\u00a0<\/strong><strong>Profissionais que testaram positivo para covid 19 foram afastados e cumprem quarentena.<\/strong><\/p>\n<p style=\"text-align: justify;\">Funcion\u00e1rios que atuam no Pronto Atendimento Municipal (PAM) de Dracena tiveram exames confirmados para o novo coronav\u00edrus.<\/p>\n<p style=\"text-align: justify;\">O prefeito Andr\u00e9 Lemos informou que a Secretaria Municipal de Sa\u00fade providenciou remanejamento de equipe de Unidas B\u00e1sicas de Sa\u00fade (UBS) ao PAM, para que o atendimento n\u00e3o ficasse comprometido.<\/p>\n<p style=\"text-align: justify;\">O Cons\u00f3rcio Intermunicipal de Sa\u00fade da Nova Alta Paulista (CISNAP), conforme Andr\u00e9, disponibilizou novos credenciados para substituir os remanejados. Profissionais que estavam em f\u00e9rias foram convocados a retomarem as fun\u00e7\u00f5es.<\/p>\n<p>Fonte: Diretoria de Comunica\u00e7\u00e3o Prefeitura<\/p>\n<p>Imagem Arquivo<\/p>\n","protected":false},"excerpt":{"rendered":"<p>Sa\u00fade de Dracena remaneja equipes para o PAM e atendimento continua normalmente.\u00a0Profissionais que testaram positivo para covid 19 foram afastados e cumprem quarentena. Funcion\u00e1rios que atuam no Pronto Atendimento Municipal (PAM) de Dracena tiveram exames confirmados para o novo coronav\u00edrus. O prefeito Andr\u00e9 Lemos informou que a Secretaria Municipal de Sa\u00fade providenciou remanejamento de equipe [&hellip;]<\/p>\n","protected":false},"author":1,"featured_media":42076,"comment_status":"closed","ping_status":"open","sticky":false,"template":"","format":"standard","meta":{"footnotes":""},"categories":[179,184,110],"tags":[],"class_list":["post-42075","post","type-post","status-publish","format-standard","has-post-thumbnail","hentry","category-cidadeseregiao","category-dracena","category-noticiasdestaque"],"_links":{"self":[{"href":"https:\/\/jorgezanoni.com.br\/2019\/wp-json\/wp\/v2\/posts\/42075","targetHints":{"allow":["GET"]}}],"collection":[{"href":"https:\/\/jorgezanoni.com.br\/2019\/wp-json\/wp\/v2\/posts"}],"about":[{"href":"https:\/\/jorgezanoni.com.br\/2019\/wp-json\/wp\/v2\/types\/post"}],"author":[{"embeddable":true,"href":"https:\/\/jorgezanoni.com.br\/2019\/wp-json\/wp\/v2\/users\/1"}],"replies":[{"embeddable":true,"href":"https:\/\/jorgezanoni.com.br\/2019\/wp-json\/wp\/v2\/comments?post=42075"}],"version-history":[{"count":0,"href":"https:\/\/jorgezanoni.com.br\/2019\/wp-json\/wp\/v2\/posts\/42075\/revisions"}],"wp:featuredmedia":[{"embeddable":true,"href":"https:\/\/jorgezanoni.com.br\/2019\/wp-json\/wp\/v2\/media\/42076"}],"wp:attachment":[{"href":"https:\/\/jorgezanoni.com.br\/2019\/wp-json\/wp\/v2\/media?parent=42075"}],"wp:term":[{"taxonomy":"category","embeddable":true,"href":"https:\/\/jorgezanoni.com.br\/2019\/wp-json\/wp\/v2\/categories?post=42075"},{"taxonomy":"post_tag","embeddable":true,"href":"https:\/\/jorgezanoni.com.br\/2019\/wp-json\/wp\/v2\/tags?post=42075"}],"curies":[{"name":"wp","href":"https:\/\/api.w.org\/{rel}","templated":true}]}}