{"id":42068,"date":"2021-01-22T15:59:47","date_gmt":"2021-01-22T15:59:47","guid":{"rendered":"https:\/\/jorgezanoni.com.br\/2019\/?p=42068"},"modified":"2021-01-22T15:59:47","modified_gmt":"2021-01-22T15:59:47","slug":"regiao-de-presidente-prudente-onde-esta-dracena-regride-novamente-para-a-fase-vermelha-que-proibe-o-funcionamento-de-atividades-economicas-nao-essenciais","status":"publish","type":"post","link":"https:\/\/jorgezanoni.com.br\/2019\/regiao-de-presidente-prudente-onde-esta-dracena-regride-novamente-para-a-fase-vermelha-que-proibe-o-funcionamento-de-atividades-economicas-nao-essenciais\/","title":{"rendered":"Regi\u00e3o de Presidente Prudente onde est\u00e1 Dracena, regride novamente para a fase vermelha, que pro\u00edbe o funcionamento de atividades econ\u00f4micas n\u00e3o essenciais"},"content":{"rendered":"<h2 class=\"content-head__subtitle\" style=\"text-align: justify;\"><strong>Nova reclassifica\u00e7\u00e3o do Plano S\u00e3o Paulo foi anunciada na tarde desta sexta-feira (22) pelo governo do Estado. Medidas mais restritivas passam a valer a partir da pr\u00f3xima segunda-feira (25).<\/strong><\/h2>\n<div class=\"mc-column content-text active-extra-styles \" data-block-type=\"unstyled\" data-block-weight=\"29\" data-block-id=\"2\">\n<p class=\"content-text__container \" style=\"text-align: justify;\" data-track-category=\"Link no Texto\" data-track-links=\"\">A regi\u00e3o de Presidente Prudente voltou a regredir nesta sexta-feira (22) para a fase vermelha do Plano S\u00e3o Paulo, de acordo com nova reclassifica\u00e7\u00e3o anunciada pelo governo do Estado.<\/p>\n<\/div>\n<div class=\"wall protected-content\">\n<div class=\"mc-column content-text active-extra-styles \" style=\"text-align: justify;\" data-block-type=\"unstyled\" data-block-weight=\"24\" data-block-id=\"3\">\n<p class=\"content-text__container \" data-track-category=\"Link no Texto\" data-track-links=\"\">Com isso, as atividades econ\u00f4micas consideradas n\u00e3o essenciais voltam a ficar proibidas de funcionar e de fazer o atendimento presencial do p\u00fablico nos estabelecimentos.<\/p>\n<\/div>\n<div class=\"mc-column content-text active-extra-styles \" style=\"text-align: justify;\" data-block-type=\"unstyled\" data-block-weight=\"18\" data-block-id=\"4\">\n<p class=\"content-text__container \" data-track-category=\"Link no Texto\" data-track-links=\"\">As medidas mais restritivas entram em vigor a partir da pr\u00f3xima segunda-feira (25), segundo o governo do Estado.<\/p>\n<\/div>\n<div class=\"mc-column content-text active-extra-styles \" style=\"text-align: justify;\" data-block-type=\"unstyled\" data-block-weight=\"21\" data-block-id=\"5\">\n<p class=\"content-text__container \" data-track-category=\"Link no Texto\" data-track-links=\"\">Os 56 munic\u00edpios do Oeste Paulista est\u00e3o divididos entre os Departamentos Regionais de Sa\u00fade (DRSs) de Mar\u00edlia e de Presidente Prudente.<\/p>\n<\/div>\n<div class=\"mc-column content-text active-extra-styles \" style=\"text-align: justify;\" data-block-type=\"unstyled\" data-block-weight=\"145\" data-block-id=\"6\">\n<p class=\"content-text__container \" data-track-category=\"Link no Texto\" data-track-links=\"\">Quando come\u00e7aram as atualiza\u00e7\u00f5es do Plano S\u00e3o Paulo, em 27 de maio de 2020, os 44 munic\u00edpios do Oeste Paulista vinculados ao DRS de Presidente Prudente estavam classificados na fase amarela. Depois, em 10 de junho, regrediram para a fase vermelha, na qual permaneceram at\u00e9 10 de julho, quando subiram para a etapa laranja. Esta regi\u00e3o continuou estagnada, sem evolu\u00e7\u00e3o ou decr\u00e9scimo, na fase laranja, at\u00e9 conseguir passar para a etapa amarela no dia 4 de setembro. Em 22 de dezembro, o DRS de Presidente Prudente recuou para a fase vermelha, a mais restritiva do Plano S\u00e3o Paulo. No dia 8 de janeiro de 2021, na primeira atualiza\u00e7\u00e3o do Plano S\u00e3o Paulo neste ano, o DRS de Presidente Prudente evoluiu para a fase laranja, etapa em que foi mantido em 15 de janeiro. No entanto, nesta sexta-feira (22), houve o regresso para a fase vermelha.<\/p>\n<\/div>\n<div class=\"content-ads content-ads--reveal\" style=\"text-align: justify;\" data-block-type=\"ads\" data-block-id=\"7\">\n<div id=\"banner_materia2\" class=\"tag-manager-publicidade-container mc-has-reveal mc-has-ad-lazyload\" data-id=\"banner_materia2\"><\/div>\n<\/div>\n<div class=\"mc-column content-text active-extra-styles \" style=\"text-align: justify;\" data-block-type=\"unstyled\" data-block-weight=\"141\" data-block-id=\"8\">\n<p class=\"content-text__container \" data-track-category=\"Link no Texto\" data-track-links=\"\">J\u00e1 os 12 munic\u00edpios do Oeste Paulista atrelados ao DRS de Mar\u00edlia come\u00e7aram, em 27 de maio do ano passado, na fase laranja. Em 19 de junho, deca\u00edram para a fase vermelha. Em 10 de julho, subiram para a fase laranja, na qual ficaram at\u00e9 a atualiza\u00e7\u00e3o feita em 7 de agosto, quando evolu\u00edram pela primeira vez para a etapa amarela. No dia 21 de agosto, voltaram a regredir para a fase laranja, na qual permaneceram at\u00e9 o dia 4 de setembro, quando retornaram para a etapa amarela. Na atualiza\u00e7\u00e3o do Plano S\u00e3o Paulo feita em 22 de dezembro, o governo do Estado manteve o DRS de Mar\u00edlia na fase amarela. No dia 8 de janeiro, houve o recuo para a etapa laranja e, uma semana depois, mais um regresso, agora para a fase vermelha, que foi mantida nesta sexta-feira (22).<\/p>\n<\/div>\n<div class=\"row medium-uncollapsed content-media content-photo\" data-block-type=\"backstage-photo\" data-block-id=\"9\">\n<div class=\"column medium-22 large-20 medium-centered content-media__container\">\n<figure style=\"text-align: justify;\"><img decoding=\"async\" class=\"i-amphtml-fill-content i-amphtml-replaced-content\" src=\"https:\/\/s2.glbimg.com\/ElUeFXKtBxyM1nc9Dzn7QqPxUrI=\/0x0:2000x1057\/1008x0\/smart\/filters:strip_icc()\/i.s3.glbimg.com\/v1\/AUTH_59edd422c0c84a879bd37670ae4f538a\/internal_photos\/bs\/2021\/x\/v\/ieAUreR2q79cq2FJcJAQ\/mapa-2.jpg\" srcset=\"\" alt=\"Toda a regi\u00e3o de Presidente Prudente est\u00e1 na fase vermelha do Plano S\u00e3o Paulo, conforme nova reclassifica\u00e7\u00e3o feita pelo governo do Estado nesta sexta-feira (22) \u2014 Foto: Reprodu\u00e7\u00e3o\" \/><\/figure>\n<p class=\"content-media__description \" style=\"text-align: justify;\">Toda a regi\u00e3o de Presidente Prudente est\u00e1 na fase vermelha do Plano S\u00e3o Paulo, conforme nova reclassifica\u00e7\u00e3o feita pelo governo do Estado nesta sexta-feira (22) \u2014 Foto: Reprodu\u00e7\u00e3o<\/p>\n<p style=\"text-align: justify;\">Fonte: G1<\/p>\n<\/div>\n<\/div>\n<div class=\"mc-column content-entenda-o-caso\" data-block-type=\"entenda-o-caso\" data-block-id=\"10\"><\/div>\n<\/div>\n","protected":false},"excerpt":{"rendered":"<p>Nova reclassifica\u00e7\u00e3o do Plano S\u00e3o Paulo foi anunciada na tarde desta sexta-feira (22) pelo governo do Estado. Medidas mais restritivas passam a valer a partir da pr\u00f3xima segunda-feira (25). A regi\u00e3o de Presidente Prudente voltou a regredir nesta sexta-feira (22) para a fase vermelha do Plano S\u00e3o Paulo, de acordo com nova reclassifica\u00e7\u00e3o anunciada pelo [&hellip;]<\/p>\n","protected":false},"author":1,"featured_media":42069,"comment_status":"closed","ping_status":"open","sticky":false,"template":"","format":"standard","meta":{"footnotes":""},"categories":[110,116],"tags":[],"class_list":["post-42068","post","type-post","status-publish","format-standard","has-post-thumbnail","hentry","category-noticiasdestaque","category-politicaeeconomia"],"_links":{"self":[{"href":"https:\/\/jorgezanoni.com.br\/2019\/wp-json\/wp\/v2\/posts\/42068","targetHints":{"allow":["GET"]}}],"collection":[{"href":"https:\/\/jorgezanoni.com.br\/2019\/wp-json\/wp\/v2\/posts"}],"about":[{"href":"https:\/\/jorgezanoni.com.br\/2019\/wp-json\/wp\/v2\/types\/post"}],"author":[{"embeddable":true,"href":"https:\/\/jorgezanoni.com.br\/2019\/wp-json\/wp\/v2\/users\/1"}],"replies":[{"embeddable":true,"href":"https:\/\/jorgezanoni.com.br\/2019\/wp-json\/wp\/v2\/comments?post=42068"}],"version-history":[{"count":0,"href":"https:\/\/jorgezanoni.com.br\/2019\/wp-json\/wp\/v2\/posts\/42068\/revisions"}],"wp:featuredmedia":[{"embeddable":true,"href":"https:\/\/jorgezanoni.com.br\/2019\/wp-json\/wp\/v2\/media\/42069"}],"wp:attachment":[{"href":"https:\/\/jorgezanoni.com.br\/2019\/wp-json\/wp\/v2\/media?parent=42068"}],"wp:term":[{"taxonomy":"category","embeddable":true,"href":"https:\/\/jorgezanoni.com.br\/2019\/wp-json\/wp\/v2\/categories?post=42068"},{"taxonomy":"post_tag","embeddable":true,"href":"https:\/\/jorgezanoni.com.br\/2019\/wp-json\/wp\/v2\/tags?post=42068"}],"curies":[{"name":"wp","href":"https:\/\/api.w.org\/{rel}","templated":true}]}}