{"id":42060,"date":"2021-01-22T14:13:35","date_gmt":"2021-01-22T14:13:35","guid":{"rendered":"https:\/\/jorgezanoni.com.br\/2019\/?p=42060"},"modified":"2021-01-22T14:13:35","modified_gmt":"2021-01-22T14:13:35","slug":"primeira-colaboradora-e-vacinada-na-santa-casa-de-dracena","status":"publish","type":"post","link":"https:\/\/jorgezanoni.com.br\/2019\/primeira-colaboradora-e-vacinada-na-santa-casa-de-dracena\/","title":{"rendered":"Primeira colaboradora \u00e9 vacinada na Santa Casa de Dracena"},"content":{"rendered":"<p style=\"text-align: justify;\"><strong>PRIMEIRA COLABORADORA \u00c9 VACINADA NA SANTA CASA DE DRACENA.<\/strong><\/p>\n<p style=\"text-align: justify;\">Na manh\u00e3 desta sexta-feira (22), cumprindo o cronograma de imuniza\u00e7\u00e3o dos seus colaboradores, a SANTA CASA DE DRACENA, teve como ato simb\u00f3lico, a aplica\u00e7\u00e3o da vacina-covid-19, na auxiliar de enfermagem RAQUEL IN\u00c1CIO, com 38 anos de profiss\u00e3o, que atua na linha de frente no combate \u00e0 infec\u00e7\u00e3o por Sars-cov-2 (Covid-19), Vacina disponibilizada pelo GOVERNO DO ESTADO DE S\u00c3O PAULO, produzido pelo laborat\u00f3rio SINOVAC em parceria com o Instituto Butantan, que pelo manejo preconizado pela<br \/>\nSECRETARIA MUNICIPAL DE SA\u00daDE E HIGIENE P\u00daBLICA DE DRACENA \u2013 PREFEITURA MUNICIPAL DE DRACENA, possibilitou o in\u00edcio da imuniza\u00e7\u00e3o pelos profissionais de sa\u00fade que atuam na linha de frente.<\/p>\n<p style=\"text-align: justify;\">A colaboradora RAQUEL IN\u00c1CIO primeira imunizada, declarou que o ato significa uma seguran\u00e7a na luta incans\u00e1vel contra a infec\u00e7\u00e3o e que continuar\u00e1 atuando na busca de<br \/>\nsalvar vidas.<\/p>\n<p style=\"text-align: justify;\">Dracena \u2013 S\u00e3o Paulo, em 22 de janeiro de 2021.<\/p>\n<p><img loading=\"lazy\" decoding=\"async\" class=\"alignnone size-full wp-image-42061\" src=\"https:\/\/jorgezanoni.com.br\/2019\/wp-content\/uploads\/2021\/01\/santa-casa1.jpg\" alt=\"\" width=\"960\" height=\"1280\" srcset=\"https:\/\/jorgezanoni.com.br\/2019\/wp-content\/uploads\/2021\/01\/santa-casa1.jpg 960w, https:\/\/jorgezanoni.com.br\/2019\/wp-content\/uploads\/2021\/01\/santa-casa1-225x300.jpg 225w, https:\/\/jorgezanoni.com.br\/2019\/wp-content\/uploads\/2021\/01\/santa-casa1-768x1024.jpg 768w, https:\/\/jorgezanoni.com.br\/2019\/wp-content\/uploads\/2021\/01\/santa-casa1-696x928.jpg 696w, https:\/\/jorgezanoni.com.br\/2019\/wp-content\/uploads\/2021\/01\/santa-casa1-315x420.jpg 315w\" sizes=\"auto, (max-width: 960px) 100vw, 960px\" \/> <img loading=\"lazy\" decoding=\"async\" class=\"alignnone size-full wp-image-42062\" src=\"https:\/\/jorgezanoni.com.br\/2019\/wp-content\/uploads\/2021\/01\/santa-casa2.jpg\" alt=\"\" width=\"1280\" height=\"960\" srcset=\"https:\/\/jorgezanoni.com.br\/2019\/wp-content\/uploads\/2021\/01\/santa-casa2.jpg 1280w, https:\/\/jorgezanoni.com.br\/2019\/wp-content\/uploads\/2021\/01\/santa-casa2-300x225.jpg 300w, https:\/\/jorgezanoni.com.br\/2019\/wp-content\/uploads\/2021\/01\/santa-casa2-1024x768.jpg 1024w, https:\/\/jorgezanoni.com.br\/2019\/wp-content\/uploads\/2021\/01\/santa-casa2-768x576.jpg 768w, https:\/\/jorgezanoni.com.br\/2019\/wp-content\/uploads\/2021\/01\/santa-casa2-80x60.jpg 80w, https:\/\/jorgezanoni.com.br\/2019\/wp-content\/uploads\/2021\/01\/santa-casa2-265x198.jpg 265w, https:\/\/jorgezanoni.com.br\/2019\/wp-content\/uploads\/2021\/01\/santa-casa2-696x522.jpg 696w, https:\/\/jorgezanoni.com.br\/2019\/wp-content\/uploads\/2021\/01\/santa-casa2-1068x801.jpg 1068w, https:\/\/jorgezanoni.com.br\/2019\/wp-content\/uploads\/2021\/01\/santa-casa2-560x420.jpg 560w\" sizes=\"auto, (max-width: 1280px) 100vw, 1280px\" \/><\/p>\n<p style=\"text-align: justify;\">Diretoria Administrativa<br \/>\nSanta Casa de Dracena<\/p>\n","protected":false},"excerpt":{"rendered":"<p>PRIMEIRA COLABORADORA \u00c9 VACINADA NA SANTA CASA DE DRACENA. Na manh\u00e3 desta sexta-feira (22), cumprindo o cronograma de imuniza\u00e7\u00e3o dos seus colaboradores, a SANTA CASA DE DRACENA, teve como ato simb\u00f3lico, a aplica\u00e7\u00e3o da vacina-covid-19, na auxiliar de enfermagem RAQUEL IN\u00c1CIO, com 38 anos de profiss\u00e3o, que atua na linha de frente no combate \u00e0 [&hellip;]<\/p>\n","protected":false},"author":1,"featured_media":42063,"comment_status":"closed","ping_status":"open","sticky":false,"template":"","format":"standard","meta":{"footnotes":""},"categories":[110,122],"tags":[],"class_list":["post-42060","post","type-post","status-publish","format-standard","has-post-thumbnail","hentry","category-noticiasdestaque","category-saudeeducacaoeconcurso"],"_links":{"self":[{"href":"https:\/\/jorgezanoni.com.br\/2019\/wp-json\/wp\/v2\/posts\/42060","targetHints":{"allow":["GET"]}}],"collection":[{"href":"https:\/\/jorgezanoni.com.br\/2019\/wp-json\/wp\/v2\/posts"}],"about":[{"href":"https:\/\/jorgezanoni.com.br\/2019\/wp-json\/wp\/v2\/types\/post"}],"author":[{"embeddable":true,"href":"https:\/\/jorgezanoni.com.br\/2019\/wp-json\/wp\/v2\/users\/1"}],"replies":[{"embeddable":true,"href":"https:\/\/jorgezanoni.com.br\/2019\/wp-json\/wp\/v2\/comments?post=42060"}],"version-history":[{"count":0,"href":"https:\/\/jorgezanoni.com.br\/2019\/wp-json\/wp\/v2\/posts\/42060\/revisions"}],"wp:featuredmedia":[{"embeddable":true,"href":"https:\/\/jorgezanoni.com.br\/2019\/wp-json\/wp\/v2\/media\/42063"}],"wp:attachment":[{"href":"https:\/\/jorgezanoni.com.br\/2019\/wp-json\/wp\/v2\/media?parent=42060"}],"wp:term":[{"taxonomy":"category","embeddable":true,"href":"https:\/\/jorgezanoni.com.br\/2019\/wp-json\/wp\/v2\/categories?post=42060"},{"taxonomy":"post_tag","embeddable":true,"href":"https:\/\/jorgezanoni.com.br\/2019\/wp-json\/wp\/v2\/tags?post=42060"}],"curies":[{"name":"wp","href":"https:\/\/api.w.org\/{rel}","templated":true}]}}