{"id":42056,"date":"2021-01-22T13:04:31","date_gmt":"2021-01-22T13:04:31","guid":{"rendered":"https:\/\/jorgezanoni.com.br\/2019\/?p=42056"},"modified":"2021-01-22T13:04:31","modified_gmt":"2021-01-22T13:04:31","slug":"dracena-faz-primeira-aplicacao-de-dose-da-vacina-contra-o-novo-coronavirus","status":"publish","type":"post","link":"https:\/\/jorgezanoni.com.br\/2019\/dracena-faz-primeira-aplicacao-de-dose-da-vacina-contra-o-novo-coronavirus\/","title":{"rendered":"Dracena faz primeira aplica\u00e7\u00e3o de dose da vacina contra o novo coronav\u00edrus"},"content":{"rendered":"<h2 class=\"content-head__subtitle\" style=\"text-align: justify;\"><strong>Primeira pessoa a receber a dose foi a t\u00e9cnica de enfermagem Sueli Alves Machado, de 61 anos, que atua no Centro Municipal de Atendimento \u00e0 Covid (Cemac).<\/strong><\/h2>\n<div class=\"mc-column content-text active-extra-styles \" style=\"text-align: justify;\" data-block-type=\"unstyled\" data-block-weight=\"41\" data-block-id=\"2\">\n<p class=\"content-text__container \" data-track-category=\"Link no Texto\" data-track-links=\"\">A aplica\u00e7\u00e3o da CoronaVac come\u00e7ou, em Dracena. A primeira pessoa a receber a dose da vacina contra o novo coronav\u00edrus foi a t\u00e9cnica de enfermagem Sueli Alves Machado, de 61 anos. Ela atua no Centro Municipal de Atendimento \u00e0 Covid (Cemac).<\/p>\n<p data-track-category=\"Link no Texto\" data-track-links=\"\"><img loading=\"lazy\" decoding=\"async\" class=\"alignnone size-full wp-image-42057\" src=\"https:\/\/jorgezanoni.com.br\/2019\/wp-content\/uploads\/2021\/01\/primeira-dose-1-2.jpeg\" alt=\"\" width=\"381\" height=\"438\" srcset=\"https:\/\/jorgezanoni.com.br\/2019\/wp-content\/uploads\/2021\/01\/primeira-dose-1-2.jpeg 381w, https:\/\/jorgezanoni.com.br\/2019\/wp-content\/uploads\/2021\/01\/primeira-dose-1-2-261x300.jpeg 261w, https:\/\/jorgezanoni.com.br\/2019\/wp-content\/uploads\/2021\/01\/primeira-dose-1-2-365x420.jpeg 365w\" sizes=\"auto, (max-width: 381px) 100vw, 381px\" \/><\/p>\n<\/div>\n<div class=\"wall protected-content\">\n<div class=\"mc-column content-text active-extra-styles \" style=\"text-align: justify;\" data-block-type=\"unstyled\" data-block-weight=\"21\" data-block-id=\"3\">\n<p class=\"content-text__container \" data-track-category=\"Link no Texto\" data-track-links=\"\">O munic\u00edpio de Dracena recebeu a primeira remessa com 1.080 doses por volta das 22h30 desta quinta-feira (21), na Policl\u00ednica Municipal.<\/p>\n<\/div>\n<div class=\"mc-column content-text active-extra-styles \" style=\"text-align: justify;\" data-block-type=\"unstyled\" data-block-weight=\"33\" data-block-id=\"4\">\n<p class=\"content-text__container \" data-track-category=\"Link no Texto\" data-track-links=\"\">Sueli atua h\u00e1 30 anos na \u00e1rea da sa\u00fade e desde o in\u00edcio da pandemia trabalha no Cemac. Ela estava emocionada e muito grata por ter a oportunidade de receber a vacina.<\/p>\n<\/div>\n<div class=\"mc-column content-text active-extra-styles \" data-block-type=\"unstyled\" data-block-weight=\"59\" data-block-id=\"5\">\n<p class=\"content-text__container \" style=\"text-align: justify;\" data-track-category=\"Link no Texto\" data-track-links=\"\">\u201cNestes 30 anos de fun\u00e7\u00e3o nunca vivemos nada parecido com o que vem ocorrendo nesta pandemia. O coronav\u00edrus \u00e9 uma doen\u00e7a trai\u00e7oeira, \u00e0s vezes observamos pacientes que chegam at\u00e9 n\u00f3s em um estado que n\u00e3o apresenta gravidade, mas depois o quadro se agrava e quando ficamos sabendo, a pessoa entrou em \u00f3bito. \u00c9 preciso seguir todos os cuidados\u201d, afirmou.<\/p>\n<div class=\"mc-column content-text active-extra-styles \" style=\"text-align: justify;\" data-block-type=\"unstyled\" data-block-weight=\"49\" data-block-id=\"8\">\n<p class=\"content-text__container \" data-track-category=\"Link no Texto\" data-track-links=\"\">A enfermeira respons\u00e1vel pela Vigil\u00e2ncia Epidemiol\u00f3gica, Karina Akiyama, pontuou que neste primeiro momento a campanha contemplar\u00e1 profissionais da linha de frente da Sa\u00fade, que atuam na Santa Casa. Pronto Atendimento Municipal (PAM), Cemac, Pronto Atendimento da Unimed, Ambulat\u00f3rio M\u00e9dico de Especialidades (AME), laborat\u00f3rios e tr\u00eas institui\u00e7\u00f5es que atendem idosos.<\/p>\n<\/div>\n<div class=\"mc-column content-text active-extra-styles \" style=\"text-align: justify;\" data-block-type=\"unstyled\" data-block-weight=\"31\" data-block-id=\"9\">\n<p class=\"content-text__container \" data-track-category=\"Link no Texto\" data-track-links=\"\">Em outro momento, os demais profissionais de Sa\u00fade do munic\u00edpio receber\u00e3o a vacina, n\u00e3o importando se atuam em cl\u00ednicas particulares ou n\u00e3o, por\u00e9m na ocasi\u00e3o ser\u00e1 divulgado amplamente, segundo Karina.<\/p>\n<\/div>\n<div class=\"mc-column content-text active-extra-styles \" data-block-type=\"unstyled\" data-block-weight=\"18\" data-block-id=\"10\">\n<p class=\"content-text__container \" style=\"text-align: justify;\" data-track-category=\"Link no Texto\" data-track-links=\"\">A equipe que trabalhar\u00e1 nesta etapa da vacina\u00e7\u00e3o ser\u00e1 formada por 25 profissionais, entre vacinadores e demais.<\/p>\n<p style=\"text-align: justify;\" data-track-category=\"Link no Texto\" data-track-links=\"\">Fonte: G1 e Diretoria de Comunica\u00e7\u00e3o\/Dracena<\/p>\n<\/div>\n<\/div>\n<\/div>\n","protected":false},"excerpt":{"rendered":"<p>Primeira pessoa a receber a dose foi a t\u00e9cnica de enfermagem Sueli Alves Machado, de 61 anos, que atua no Centro Municipal de Atendimento \u00e0 Covid (Cemac). A aplica\u00e7\u00e3o da CoronaVac come\u00e7ou, em Dracena. A primeira pessoa a receber a dose da vacina contra o novo coronav\u00edrus foi a t\u00e9cnica de enfermagem Sueli Alves Machado, [&hellip;]<\/p>\n","protected":false},"author":1,"featured_media":42058,"comment_status":"closed","ping_status":"open","sticky":false,"template":"","format":"standard","meta":{"footnotes":""},"categories":[179,184,110,122],"tags":[],"class_list":["post-42056","post","type-post","status-publish","format-standard","has-post-thumbnail","hentry","category-cidadeseregiao","category-dracena","category-noticiasdestaque","category-saudeeducacaoeconcurso"],"_links":{"self":[{"href":"https:\/\/jorgezanoni.com.br\/2019\/wp-json\/wp\/v2\/posts\/42056","targetHints":{"allow":["GET"]}}],"collection":[{"href":"https:\/\/jorgezanoni.com.br\/2019\/wp-json\/wp\/v2\/posts"}],"about":[{"href":"https:\/\/jorgezanoni.com.br\/2019\/wp-json\/wp\/v2\/types\/post"}],"author":[{"embeddable":true,"href":"https:\/\/jorgezanoni.com.br\/2019\/wp-json\/wp\/v2\/users\/1"}],"replies":[{"embeddable":true,"href":"https:\/\/jorgezanoni.com.br\/2019\/wp-json\/wp\/v2\/comments?post=42056"}],"version-history":[{"count":0,"href":"https:\/\/jorgezanoni.com.br\/2019\/wp-json\/wp\/v2\/posts\/42056\/revisions"}],"wp:featuredmedia":[{"embeddable":true,"href":"https:\/\/jorgezanoni.com.br\/2019\/wp-json\/wp\/v2\/media\/42058"}],"wp:attachment":[{"href":"https:\/\/jorgezanoni.com.br\/2019\/wp-json\/wp\/v2\/media?parent=42056"}],"wp:term":[{"taxonomy":"category","embeddable":true,"href":"https:\/\/jorgezanoni.com.br\/2019\/wp-json\/wp\/v2\/categories?post=42056"},{"taxonomy":"post_tag","embeddable":true,"href":"https:\/\/jorgezanoni.com.br\/2019\/wp-json\/wp\/v2\/tags?post=42056"}],"curies":[{"name":"wp","href":"https:\/\/api.w.org\/{rel}","templated":true}]}}