{"id":42024,"date":"2021-01-21T21:29:00","date_gmt":"2021-01-21T21:29:00","guid":{"rendered":"https:\/\/jorgezanoni.com.br\/2019\/?p=42024"},"modified":"2021-01-21T21:29:00","modified_gmt":"2021-01-21T21:29:00","slug":"viatura-da-policia-militar-capota-na-sp-294","status":"publish","type":"post","link":"https:\/\/jorgezanoni.com.br\/2019\/viatura-da-policia-militar-capota-na-sp-294\/","title":{"rendered":"Viatura da Pol\u00edcia Militar capota na SP-294"},"content":{"rendered":"<p style=\"text-align: justify;\">Uma viatura pertencente ao 25\u00ba Batalh\u00e3o da Pol\u00edcia Militar capotou por volta das 13h50 desta quinta-feira (21), no km 608 da Rodovia Comandante Jo\u00e3o Ribeiro de Barros, pr\u00f3ximo \u00e0 Mata da Santana em Fl\u00f3rida Paulista.<\/p>\n<p style=\"text-align: justify;\">Nossa reportagem esteve no local momentos ap\u00f3s o acidente, quando o militar que sofreu ferimentos leves, ainda saia de dentro do ve\u00edculo com a ajuda de motoristas que passavam pela via e pararam para prestar aux\u00edlio.<\/p>\n<p style=\"text-align: justify;\">A viatura que est\u00e1 empenhada no servi\u00e7o de escolta de presos em Irapuru, seguia no sentido Fl\u00f3rida Paulista \/ Pacaembu, quando teria apresentado problemas mec\u00e2nicos, fazendo com que o condutor perdesse o controle e viesse \u00e0 capotar indo parar no meio da vegeta\u00e7\u00e3o do lado oposto em que estava trafegando.<\/p>\n<p style=\"text-align: justify;\">O motorista de um caminh\u00e3o tanque de combust\u00edveis que seguia logo atr\u00e1s da viatura e que n\u00e3o quis se identificar, disse que percebeu quando ocorreu a perda do controle e em seguida o capotamento.<\/p>\n<p><img loading=\"lazy\" decoding=\"async\" class=\"alignnone size-full wp-image-42026\" src=\"https:\/\/jorgezanoni.com.br\/2019\/wp-content\/uploads\/2021\/01\/capote1.jpg\" alt=\"\" width=\"757\" height=\"600\" srcset=\"https:\/\/jorgezanoni.com.br\/2019\/wp-content\/uploads\/2021\/01\/capote1.jpg 757w, https:\/\/jorgezanoni.com.br\/2019\/wp-content\/uploads\/2021\/01\/capote1-300x238.jpg 300w, https:\/\/jorgezanoni.com.br\/2019\/wp-content\/uploads\/2021\/01\/capote1-696x552.jpg 696w, https:\/\/jorgezanoni.com.br\/2019\/wp-content\/uploads\/2021\/01\/capote1-530x420.jpg 530w\" sizes=\"auto, (max-width: 757px) 100vw, 757px\" \/><\/p>\n<p style=\"text-align: justify;\">\n<p style=\"text-align: justify;\"><strong>ESTADO DO POLICIAL ENVOLVIDO<\/strong><\/p>\n<p style=\"text-align: justify;\">O Corpo de Bombeiros de Adamantina foi acionado e compareceu ao local do acidente prestando os primeiros atendimentos ao militar que apesar da din\u00e2mica do acidente, apresentava apenas ferimentos leves.<\/p>\n<p style=\"text-align: justify;\">Ele foi levado para atendimento em uma unidade hospitalar e permanece sob os cuidados da equipe m\u00e9dica.<\/p>\n<p style=\"text-align: justify;\">O policial militar recebeu o suporte de oficiais da PM e de equipes das cidades vizinhas.<\/p>\n<p style=\"text-align: justify;\">Tamb\u00e9m atuaram nesta ocorr\u00eancia as equipes da Pol\u00edcia Militar Rodovi\u00e1ria \u2013 Base Operacional de Adamantina e a concession\u00e1ria que administra a rodovia.<\/p>\n<p style=\"text-align: justify;\">As causas do acidente ser\u00e3o apuradas.<\/p>\n<p style=\"text-align: justify;\">Fonte: Folha Regional \/ Fotos: Diego Fernandes Silva &#8211; ifolharegional.com.br<\/p>\n","protected":false},"excerpt":{"rendered":"<p>Uma viatura pertencente ao 25\u00ba Batalh\u00e3o da Pol\u00edcia Militar capotou por volta das 13h50 desta quinta-feira (21), no km 608 da Rodovia Comandante Jo\u00e3o Ribeiro de Barros, pr\u00f3ximo \u00e0 Mata da Santana em Fl\u00f3rida Paulista. Nossa reportagem esteve no local momentos ap\u00f3s o acidente, quando o militar que sofreu ferimentos leves, ainda saia de dentro [&hellip;]<\/p>\n","protected":false},"author":1,"featured_media":42025,"comment_status":"closed","ping_status":"open","sticky":false,"template":"","format":"standard","meta":{"footnotes":""},"categories":[170,110],"tags":[],"class_list":["post-42024","post","type-post","status-publish","format-standard","has-post-thumbnail","hentry","category-acidentes","category-noticiasdestaque"],"_links":{"self":[{"href":"https:\/\/jorgezanoni.com.br\/2019\/wp-json\/wp\/v2\/posts\/42024","targetHints":{"allow":["GET"]}}],"collection":[{"href":"https:\/\/jorgezanoni.com.br\/2019\/wp-json\/wp\/v2\/posts"}],"about":[{"href":"https:\/\/jorgezanoni.com.br\/2019\/wp-json\/wp\/v2\/types\/post"}],"author":[{"embeddable":true,"href":"https:\/\/jorgezanoni.com.br\/2019\/wp-json\/wp\/v2\/users\/1"}],"replies":[{"embeddable":true,"href":"https:\/\/jorgezanoni.com.br\/2019\/wp-json\/wp\/v2\/comments?post=42024"}],"version-history":[{"count":0,"href":"https:\/\/jorgezanoni.com.br\/2019\/wp-json\/wp\/v2\/posts\/42024\/revisions"}],"wp:featuredmedia":[{"embeddable":true,"href":"https:\/\/jorgezanoni.com.br\/2019\/wp-json\/wp\/v2\/media\/42025"}],"wp:attachment":[{"href":"https:\/\/jorgezanoni.com.br\/2019\/wp-json\/wp\/v2\/media?parent=42024"}],"wp:term":[{"taxonomy":"category","embeddable":true,"href":"https:\/\/jorgezanoni.com.br\/2019\/wp-json\/wp\/v2\/categories?post=42024"},{"taxonomy":"post_tag","embeddable":true,"href":"https:\/\/jorgezanoni.com.br\/2019\/wp-json\/wp\/v2\/tags?post=42024"}],"curies":[{"name":"wp","href":"https:\/\/api.w.org\/{rel}","templated":true}]}}