{"id":42018,"date":"2021-01-21T16:57:25","date_gmt":"2021-01-21T16:57:25","guid":{"rendered":"https:\/\/jorgezanoni.com.br\/2019\/?p=42018"},"modified":"2021-01-21T16:57:25","modified_gmt":"2021-01-21T16:57:25","slug":"vacina-contra-covid-19-e-aguardada-para-chegar-hoje-a-dracena","status":"publish","type":"post","link":"https:\/\/jorgezanoni.com.br\/2019\/vacina-contra-covid-19-e-aguardada-para-chegar-hoje-a-dracena\/","title":{"rendered":"Vacina contra covid 19 \u00e9 aguardada para chegar hoje a Dracena"},"content":{"rendered":"<p style=\"text-align: justify;\"><strong>Expectativa da Sa\u00fade Municipal \u00e9 iniciar a campanha logo cedo amanh\u00e3 (22).<\/strong><\/p>\n<p style=\"text-align: justify;\">A Secretaria Municipal de Sa\u00fade de Dracena aguarda a chegada da vacina contra a covid 19 ainda para hoje, 21. A enfermeira Karina Akiyama, respons\u00e1vel pela Vigil\u00e2ncia Epidemiol\u00f3gica, explicou que tudo dando certo com a chegada, as primeiras doses come\u00e7ar\u00e3o a ser aplicadas amanh\u00e3, 22, logo cedo.<\/p>\n<p style=\"text-align: justify;\">Karina informou que a primeira dose ser\u00e1 aplicada em profissional que atua na linha de frente no Centro Municipal de Atendimento \u00e0 Covid (Cemac).<\/p>\n<p style=\"text-align: justify;\">O munic\u00edpio ser\u00e1 beneficiado com 1.080 doses nesta primeira remessa. A campanha conta com a parceria da Faculdade de Enfermagem da Unifadra-Dracena.<\/p>\n<p style=\"text-align: justify;\">Neste primeiro momento, contemplar\u00e1 profissionais da linha de frente da Sa\u00fade, que atuam na Santa Casa; Pronto Atendimento Municipal (PAM); Centro Municipal de Atendimento \u00e0 Covid (Cemac); Pronto Atendimento da Unimed; Ambulat\u00f3rio M\u00e9dico de Especialidades (AME); Laborat\u00f3rios S\u00e3o Lucas; Dracena e Trianon; e 3 institui\u00e7\u00f5es que atendem idosos, sendo Casa dos Velhos; Lar S\u00e3 Doutrina e Casa\u00a0de Repouso\u00a0Mariana\u00a0Ramos (Dracena e Jamaica).<\/p>\n<p style=\"text-align: justify;\">Karina deixou claro que em outro momento, todos os demais profissionais de Sa\u00fade do munic\u00edpio receber\u00e3o a vacina, n\u00e3o importando se atuam em cl\u00ednicas particulares ou n\u00e3o, por\u00e9m na ocasi\u00e3o ser\u00e1 divulgado amplamente.<\/p>\n<p style=\"text-align: justify;\">A equipe que trabalhar\u00e1 nesta etapa da vacina\u00e7\u00e3o ser\u00e1 formada por 25 profissionais, entre vacinadores e demais.<\/p>\n<p style=\"text-align: justify;\">Governo do Estado<\/p>\n<p style=\"text-align: justify;\">Munic\u00edpio ser\u00e1 beneficiado com 1.080 doses nesta primeira remessa.<\/p>\n<p style=\"text-align: justify;\">Fonte: Diretoria de Comunica\u00e7\u00e3o<\/p>\n","protected":false},"excerpt":{"rendered":"<p>Expectativa da Sa\u00fade Municipal \u00e9 iniciar a campanha logo cedo amanh\u00e3 (22). A Secretaria Municipal de Sa\u00fade de Dracena aguarda a chegada da vacina contra a covid 19 ainda para hoje, 21. A enfermeira Karina Akiyama, respons\u00e1vel pela Vigil\u00e2ncia Epidemiol\u00f3gica, explicou que tudo dando certo com a chegada, as primeiras doses come\u00e7ar\u00e3o a ser aplicadas [&hellip;]<\/p>\n","protected":false},"author":1,"featured_media":42019,"comment_status":"closed","ping_status":"open","sticky":false,"template":"","format":"standard","meta":{"footnotes":""},"categories":[179,184,110],"tags":[],"class_list":["post-42018","post","type-post","status-publish","format-standard","has-post-thumbnail","hentry","category-cidadeseregiao","category-dracena","category-noticiasdestaque"],"_links":{"self":[{"href":"https:\/\/jorgezanoni.com.br\/2019\/wp-json\/wp\/v2\/posts\/42018","targetHints":{"allow":["GET"]}}],"collection":[{"href":"https:\/\/jorgezanoni.com.br\/2019\/wp-json\/wp\/v2\/posts"}],"about":[{"href":"https:\/\/jorgezanoni.com.br\/2019\/wp-json\/wp\/v2\/types\/post"}],"author":[{"embeddable":true,"href":"https:\/\/jorgezanoni.com.br\/2019\/wp-json\/wp\/v2\/users\/1"}],"replies":[{"embeddable":true,"href":"https:\/\/jorgezanoni.com.br\/2019\/wp-json\/wp\/v2\/comments?post=42018"}],"version-history":[{"count":0,"href":"https:\/\/jorgezanoni.com.br\/2019\/wp-json\/wp\/v2\/posts\/42018\/revisions"}],"wp:featuredmedia":[{"embeddable":true,"href":"https:\/\/jorgezanoni.com.br\/2019\/wp-json\/wp\/v2\/media\/42019"}],"wp:attachment":[{"href":"https:\/\/jorgezanoni.com.br\/2019\/wp-json\/wp\/v2\/media?parent=42018"}],"wp:term":[{"taxonomy":"category","embeddable":true,"href":"https:\/\/jorgezanoni.com.br\/2019\/wp-json\/wp\/v2\/categories?post=42018"},{"taxonomy":"post_tag","embeddable":true,"href":"https:\/\/jorgezanoni.com.br\/2019\/wp-json\/wp\/v2\/tags?post=42018"}],"curies":[{"name":"wp","href":"https:\/\/api.w.org\/{rel}","templated":true}]}}