{"id":42015,"date":"2021-01-21T16:44:41","date_gmt":"2021-01-21T16:44:41","guid":{"rendered":"https:\/\/jorgezanoni.com.br\/2019\/?p=42015"},"modified":"2021-01-21T16:44:41","modified_gmt":"2021-01-21T16:44:41","slug":"policia-militar-devolve-moto-furtada-ao-proprietario-apos-apreensao-de-adolescente-em-dracena","status":"publish","type":"post","link":"https:\/\/jorgezanoni.com.br\/2019\/policia-militar-devolve-moto-furtada-ao-proprietario-apos-apreensao-de-adolescente-em-dracena\/","title":{"rendered":"Pol\u00edcia Militar devolve moto furtada ao propriet\u00e1rio ap\u00f3s apreens\u00e3o de adolescente em Dracena"},"content":{"rendered":"<div class=\"kvgmc6g5 cxmmr5t8 oygrvhab hcukyx3x c1et5uql ii04i59q\">\n<div dir=\"auto\" style=\"text-align: justify;\"><strong>POL\u00cdCIA MILITAR DEVOLVE MOTO FURTADA AO PROPRIET\u00c1RIO AP\u00d3S APREENS\u00c3O DE ADOLESCENTE EM DRACENA\/SP.<\/strong><\/div>\n<div dir=\"auto\" style=\"text-align: justify;\"><\/div>\n<div dir=\"auto\" style=\"text-align: justify;\">Na data de hoje (21) por volta das 01h42min ap\u00f3s COPOM irradiar furto da motocicleta Yamaha\/YBR 150 Factor ED pela cidade de Dracena, a Pol\u00edcia Militar rapidamente iniciou buscas e localizou pela \u00e1rea central, na avenida Presidente Roosevelt, dois indiv\u00edduos conduzindo a motocicleta, de imediato foi realizada a abordagem sendo que o garupa fugiu em desabalada carreira. Ao ser efetuada abordagem e busca pessoal no condutor nada de il\u00edcito foi localizado, questionado sobre o furto do motociclo o sindicado (17 anos) respondeu n\u00e3o ser o autor do fato informando que seu primo chegou em sua casa e o convidou para dar uma volta com o ve\u00edculo. Diante dos fatos foram tomadas as provid\u00eancias e a motocicleta foi devolvida a propriet\u00e1ria.<\/div>\n<\/div>\n<div class=\"o9v6fnle cxmmr5t8 oygrvhab hcukyx3x c1et5uql ii04i59q\">\n<div dir=\"auto\" style=\"text-align: justify;\"><a class=\"oajrlxb2 g5ia77u1 qu0x051f esr5mh6w e9989ue4 r7d6kgcz rq0escxv nhd2j8a9 nc684nl6 p7hjln8o kvgmc6g5 cxmmr5t8 oygrvhab hcukyx3x jb3vyjys rz4wbd8a qt6c0cv9 a8nywdso i1ao9s8h esuyzwwr f1sip0of lzcic4wl q66pz984 gpro0wi8 b1v8xokw\" tabindex=\"0\" role=\"link\" href=\"https:\/\/www.facebook.com\/hashtag\/25bpmi?__eep__=6&amp;__cft__[0]=AZUnY55uCxYjygpFp7OnX490R27LgdDxda2hZQV4ua8WmXK2ZPup_tqS-19en1Hh18giM1bwKa_eZMg3BOZsgByLbuH2tGRBUA8r80mIYM-6P6d58pfx7YCPeFCyhm6YSMV_HY6a0qe9xN_FuIn5MyI7&amp;__tn__=*NK-R\">#25BPMI<\/a><\/div>\n<div dir=\"auto\" style=\"text-align: justify;\"><a class=\"oajrlxb2 g5ia77u1 qu0x051f esr5mh6w e9989ue4 r7d6kgcz rq0escxv nhd2j8a9 nc684nl6 p7hjln8o kvgmc6g5 cxmmr5t8 oygrvhab hcukyx3x jb3vyjys rz4wbd8a qt6c0cv9 a8nywdso i1ao9s8h esuyzwwr f1sip0of lzcic4wl q66pz984 gpro0wi8 b1v8xokw\" tabindex=\"0\" role=\"link\" href=\"https:\/\/www.facebook.com\/hashtag\/policiamilitarsp?__eep__=6&amp;__cft__[0]=AZUnY55uCxYjygpFp7OnX490R27LgdDxda2hZQV4ua8WmXK2ZPup_tqS-19en1Hh18giM1bwKa_eZMg3BOZsgByLbuH2tGRBUA8r80mIYM-6P6d58pfx7YCPeFCyhm6YSMV_HY6a0qe9xN_FuIn5MyI7&amp;__tn__=*NK-R\">#POLICIAMILITARSP<\/a><\/div>\n<div dir=\"auto\" style=\"text-align: justify;\"><a class=\"oajrlxb2 g5ia77u1 qu0x051f esr5mh6w e9989ue4 r7d6kgcz rq0escxv nhd2j8a9 nc684nl6 p7hjln8o kvgmc6g5 cxmmr5t8 oygrvhab hcukyx3x jb3vyjys rz4wbd8a qt6c0cv9 a8nywdso i1ao9s8h esuyzwwr f1sip0of lzcic4wl q66pz984 gpro0wi8 b1v8xokw\" tabindex=\"0\" role=\"link\" href=\"https:\/\/www.facebook.com\/hashtag\/afor%C3%A7ap%C3%BAblicades%C3%A3opaulo?__eep__=6&amp;__cft__[0]=AZUnY55uCxYjygpFp7OnX490R27LgdDxda2hZQV4ua8WmXK2ZPup_tqS-19en1Hh18giM1bwKa_eZMg3BOZsgByLbuH2tGRBUA8r80mIYM-6P6d58pfx7YCPeFCyhm6YSMV_HY6a0qe9xN_FuIn5MyI7&amp;__tn__=*NK-R\">#AFOR\u00c7AP\u00daBLICADES\u00c3OPAULO<\/a><\/div>\n<div dir=\"auto\" style=\"text-align: justify;\">COMUNICA\u00c7\u00c3O SOCIAL DO 25\u00ba BPM\/I e regi\u00e3o<\/div>\n<\/div>\n","protected":false},"excerpt":{"rendered":"<p>POL\u00cdCIA MILITAR DEVOLVE MOTO FURTADA AO PROPRIET\u00c1RIO AP\u00d3S APREENS\u00c3O DE ADOLESCENTE EM DRACENA\/SP. Na data de hoje (21) por volta das 01h42min ap\u00f3s COPOM irradiar furto da motocicleta Yamaha\/YBR 150 Factor ED pela cidade de Dracena, a Pol\u00edcia Militar rapidamente iniciou buscas e localizou pela \u00e1rea central, na avenida Presidente Roosevelt, dois indiv\u00edduos conduzindo a [&hellip;]<\/p>\n","protected":false},"author":1,"featured_media":42016,"comment_status":"closed","ping_status":"open","sticky":false,"template":"","format":"standard","meta":{"footnotes":""},"categories":[110,2],"tags":[],"class_list":["post-42015","post","type-post","status-publish","format-standard","has-post-thumbnail","hentry","category-noticiasdestaque","category-policial"],"_links":{"self":[{"href":"https:\/\/jorgezanoni.com.br\/2019\/wp-json\/wp\/v2\/posts\/42015","targetHints":{"allow":["GET"]}}],"collection":[{"href":"https:\/\/jorgezanoni.com.br\/2019\/wp-json\/wp\/v2\/posts"}],"about":[{"href":"https:\/\/jorgezanoni.com.br\/2019\/wp-json\/wp\/v2\/types\/post"}],"author":[{"embeddable":true,"href":"https:\/\/jorgezanoni.com.br\/2019\/wp-json\/wp\/v2\/users\/1"}],"replies":[{"embeddable":true,"href":"https:\/\/jorgezanoni.com.br\/2019\/wp-json\/wp\/v2\/comments?post=42015"}],"version-history":[{"count":0,"href":"https:\/\/jorgezanoni.com.br\/2019\/wp-json\/wp\/v2\/posts\/42015\/revisions"}],"wp:featuredmedia":[{"embeddable":true,"href":"https:\/\/jorgezanoni.com.br\/2019\/wp-json\/wp\/v2\/media\/42016"}],"wp:attachment":[{"href":"https:\/\/jorgezanoni.com.br\/2019\/wp-json\/wp\/v2\/media?parent=42015"}],"wp:term":[{"taxonomy":"category","embeddable":true,"href":"https:\/\/jorgezanoni.com.br\/2019\/wp-json\/wp\/v2\/categories?post=42015"},{"taxonomy":"post_tag","embeddable":true,"href":"https:\/\/jorgezanoni.com.br\/2019\/wp-json\/wp\/v2\/tags?post=42015"}],"curies":[{"name":"wp","href":"https:\/\/api.w.org\/{rel}","templated":true}]}}