{"id":42008,"date":"2021-01-21T16:22:23","date_gmt":"2021-01-21T16:22:23","guid":{"rendered":"https:\/\/jorgezanoni.com.br\/2019\/?p=42008"},"modified":"2021-01-21T16:22:23","modified_gmt":"2021-01-21T16:22:23","slug":"decreto-estabelece-pontos-facultativos-e-feriados-de-2021-em-dracena","status":"publish","type":"post","link":"https:\/\/jorgezanoni.com.br\/2019\/decreto-estabelece-pontos-facultativos-e-feriados-de-2021-em-dracena\/","title":{"rendered":"Decreto estabelece pontos facultativos e feriados de 2021 em Dracena"},"content":{"rendered":"<div id=\"titulo\">\n<div class=\"tituloTextoVereador text-center\" style=\"text-align: justify;\">O prefeito Andr\u00e9 Lemos assinou nesta quarta-feira, 20, o Decreto n\u00ba 7.369 &#8211; de 20 de janeiro de 2021 que estabelece os pontos facultativos e os feriados deste ano. Lembrando que as exce\u00e7\u00f5es ficam para as atividades essenciais e de interesse<\/div>\n<\/div>\n<div>\n<div id=\"cont-noticia\">\n<p style=\"text-align: justify;\">p\u00fablico, como servi\u00e7os ininterruptos da sa\u00fade e coleta de lixo.<\/p>\n<p><strong>CALEND\u00c1RIO DE FERIADOS E PONTOS FACULTATIVOS &#8211; 2021<\/strong><\/p>\n<table border=\"1\" cellspacing=\"0\" cellpadding=\"0\">\n<tbody>\n<tr>\n<td>M\u00caS<\/td>\n<td>DIA<\/td>\n<td>MOTIVO<\/td>\n<td>NATUREZA<\/td>\n<\/tr>\n<tr>\n<td>Fevereiro<\/td>\n<td>15<br \/>\nSegunda-feira<\/td>\n<td>Ponto Facultativo<\/td>\n<td><\/td>\n<\/tr>\n<tr>\n<td>16<br \/>\nTer\u00e7a- feira<\/td>\n<td>Carnaval<\/td>\n<td>Ponto Facultativo<\/td>\n<td><\/td>\n<\/tr>\n<tr>\n<td>17<br \/>\nQuarta-feira<\/td>\n<td>Ponto Facultativo<\/td>\n<td><\/td>\n<td><\/td>\n<\/tr>\n<tr>\n<td>Abril<\/td>\n<td>02<br \/>\nSexta-feira<\/td>\n<td>Paix\u00e3o de Cristo<\/td>\n<td>Feriado<\/td>\n<\/tr>\n<tr>\n<td>21<br \/>\nQuarta-feira<\/td>\n<td>Tiradentes<\/td>\n<td>Feriado<\/td>\n<td><\/td>\n<\/tr>\n<tr>\n<td>Junho<\/td>\n<td>03<br \/>\nQuinta-feira<\/td>\n<td>Corpus Christi<\/td>\n<td>Feriado<\/td>\n<\/tr>\n<tr>\n<td>Julho<\/td>\n<td>09<br \/>\nSexta-feira<\/td>\n<td>Revolu\u00e7\u00e3o Constitucionalista<\/td>\n<td>Feriado Estadual<\/td>\n<\/tr>\n<tr>\n<td>Setembro<\/td>\n<td>06<br \/>\nSegunda-feira<\/td>\n<td>Ponto Facultativo<\/td>\n<td><\/td>\n<\/tr>\n<tr>\n<td>07<br \/>\nTer\u00e7a-feira<\/td>\n<td>Independ\u00eancia do Brasil<\/td>\n<td>Feriado<\/td>\n<td><\/td>\n<\/tr>\n<tr>\n<td>Outubro<\/td>\n<td>12<br \/>\nTer\u00e7a-feira<\/td>\n<td>Nossa Senhora Aparecida<\/td>\n<td>Feriado<\/td>\n<\/tr>\n<tr>\n<td>29<br \/>\nSexta-feira<\/td>\n<td>Comemora\u00e7\u00e3o ao Dia do Servidor<br \/>\nP\u00fablico<br \/>\n(transferido do dia 28.10.2021)<\/td>\n<td>Ponto Facultativo<\/td>\n<td><\/td>\n<\/tr>\n<tr>\n<td>Novembro<\/td>\n<td>01<br \/>\nSegunda-feira<\/td>\n<td>Dia de Todos os Santos<\/td>\n<td>Ponto Facultativo<\/td>\n<\/tr>\n<tr>\n<td>02<br \/>\nTer\u00e7a-Feira<\/td>\n<td>Finados<\/td>\n<td>Feriado<\/td>\n<td><\/td>\n<\/tr>\n<tr>\n<td>15<br \/>\nSegunda-Feira<\/td>\n<td>Proclama\u00e7\u00e3o da Rep\u00fablica<\/td>\n<td>Feriado<\/td>\n<td><\/td>\n<\/tr>\n<tr>\n<td>Dezembro<\/td>\n<td>08<br \/>\nQuarta-feira<\/td>\n<td>Funda\u00e7\u00e3o da Cidade<\/td>\n<td>Feriado Municipal<\/td>\n<\/tr>\n<tr>\n<td>24<br \/>\nSexta-feira<\/td>\n<td>Ponto Facultativo<\/td>\n<td><\/td>\n<td><\/td>\n<\/tr>\n<tr>\n<td>31<br \/>\nSexta-feira<\/td>\n<td>Ponto Facultativo<\/td>\n<td><\/td>\n<td><\/td>\n<\/tr>\n<\/tbody>\n<\/table>\n<p>Fonte: Diretoria de Comunica\u00e7\u00e3o<\/p>\n<\/div>\n<\/div>\n","protected":false},"excerpt":{"rendered":"<p>O prefeito Andr\u00e9 Lemos assinou nesta quarta-feira, 20, o Decreto n\u00ba 7.369 &#8211; de 20 de janeiro de 2021 que estabelece os pontos facultativos e os feriados deste ano. Lembrando que as exce\u00e7\u00f5es ficam para as atividades essenciais e de interesse p\u00fablico, como servi\u00e7os ininterruptos da sa\u00fade e coleta de lixo. CALEND\u00c1RIO DE FERIADOS E [&hellip;]<\/p>\n","protected":false},"author":1,"featured_media":42009,"comment_status":"closed","ping_status":"open","sticky":false,"template":"","format":"standard","meta":{"footnotes":""},"categories":[179,184,110],"tags":[],"class_list":["post-42008","post","type-post","status-publish","format-standard","has-post-thumbnail","hentry","category-cidadeseregiao","category-dracena","category-noticiasdestaque"],"_links":{"self":[{"href":"https:\/\/jorgezanoni.com.br\/2019\/wp-json\/wp\/v2\/posts\/42008","targetHints":{"allow":["GET"]}}],"collection":[{"href":"https:\/\/jorgezanoni.com.br\/2019\/wp-json\/wp\/v2\/posts"}],"about":[{"href":"https:\/\/jorgezanoni.com.br\/2019\/wp-json\/wp\/v2\/types\/post"}],"author":[{"embeddable":true,"href":"https:\/\/jorgezanoni.com.br\/2019\/wp-json\/wp\/v2\/users\/1"}],"replies":[{"embeddable":true,"href":"https:\/\/jorgezanoni.com.br\/2019\/wp-json\/wp\/v2\/comments?post=42008"}],"version-history":[{"count":0,"href":"https:\/\/jorgezanoni.com.br\/2019\/wp-json\/wp\/v2\/posts\/42008\/revisions"}],"wp:featuredmedia":[{"embeddable":true,"href":"https:\/\/jorgezanoni.com.br\/2019\/wp-json\/wp\/v2\/media\/42009"}],"wp:attachment":[{"href":"https:\/\/jorgezanoni.com.br\/2019\/wp-json\/wp\/v2\/media?parent=42008"}],"wp:term":[{"taxonomy":"category","embeddable":true,"href":"https:\/\/jorgezanoni.com.br\/2019\/wp-json\/wp\/v2\/categories?post=42008"},{"taxonomy":"post_tag","embeddable":true,"href":"https:\/\/jorgezanoni.com.br\/2019\/wp-json\/wp\/v2\/tags?post=42008"}],"curies":[{"name":"wp","href":"https:\/\/api.w.org\/{rel}","templated":true}]}}