{"id":41952,"date":"2021-01-21T00:18:01","date_gmt":"2021-01-21T00:18:01","guid":{"rendered":"https:\/\/jorgezanoni.com.br\/2019\/?p=41952"},"modified":"2021-01-21T00:18:01","modified_gmt":"2021-01-21T00:18:01","slug":"bragato-informa-que-vacina-chegara-na-regiao-de-presidente-prudente-ainda-essa-semana","status":"publish","type":"post","link":"https:\/\/jorgezanoni.com.br\/2019\/bragato-informa-que-vacina-chegara-na-regiao-de-presidente-prudente-ainda-essa-semana\/","title":{"rendered":"Bragato informa que vacina chegar\u00e1 na regi\u00e3o de Presidente Prudente ainda essa semana"},"content":{"rendered":"<p style=\"text-align: justify;\">O deputado Mauro Bragato, informou que o Governo do Estado atrav\u00e9s do PEI \u2013 Plano Estadual de Imuniza\u00e7\u00e3o, est\u00e1 enviando o primeiro lote de vacinas contra o Coronav\u00edrus para Presidente Prudente e regi\u00e3o.<br \/>\nA distribui\u00e7\u00e3o ser\u00e1 feita a partir de Presidente Prudente para os demais munic\u00edpios da regi\u00e3o e tem previ\u00e3o de chegada no dia 21\/01, segundo informa\u00e7\u00f5es do Governo do Estado.<br \/>\nEst\u00e1 previsto para a regi\u00e3o um total aproximado de 12 mil doses sendo divididas entre as vigilancias sanit\u00e1rias de Presidente Prudente, Dracena, Presidente Epit\u00e1cio e Venceslau, proporcionalmente \u00e0 suas popula\u00e7\u00f5es.<br \/>\nEm Prudente ser\u00e3o cerca de 7.500 doses para iniciar a imuniza\u00e7\u00e3o com os profissionais da sa\u00fade e na sequ\u00eancia est\u00e3o grupos de idosos.<br \/>\nA vacina\u00e7\u00e3o dos profissionais de sa\u00fade ocorrer\u00e1 nas unidades (hospitais e cl\u00ednicas), sendo que a imuniza\u00e7\u00e3o dos idosos ser\u00e1 por demanda espont\u00e2nea nos postos de vacina\u00e7\u00e3o.<br \/>\nBragato ressaltou que a imuniza\u00e7\u00e3o precisa ser para todos e no menor per\u00edodo de tempo poss\u00edvel. Finalizou.<\/p>\n<p style=\"text-align: justify;\">Assessoria de Comunica\u00e7\u00e3o deputado Mauro Bragato<\/p>\n","protected":false},"excerpt":{"rendered":"<p>O deputado Mauro Bragato, informou que o Governo do Estado atrav\u00e9s do PEI \u2013 Plano Estadual de Imuniza\u00e7\u00e3o, est\u00e1 enviando o primeiro lote de vacinas contra o Coronav\u00edrus para Presidente Prudente e regi\u00e3o. A distribui\u00e7\u00e3o ser\u00e1 feita a partir de Presidente Prudente para os demais munic\u00edpios da regi\u00e3o e tem previ\u00e3o de chegada no dia [&hellip;]<\/p>\n","protected":false},"author":1,"featured_media":41953,"comment_status":"closed","ping_status":"open","sticky":false,"template":"","format":"standard","meta":{"footnotes":""},"categories":[116],"tags":[],"class_list":["post-41952","post","type-post","status-publish","format-standard","has-post-thumbnail","hentry","category-politicaeeconomia"],"_links":{"self":[{"href":"https:\/\/jorgezanoni.com.br\/2019\/wp-json\/wp\/v2\/posts\/41952","targetHints":{"allow":["GET"]}}],"collection":[{"href":"https:\/\/jorgezanoni.com.br\/2019\/wp-json\/wp\/v2\/posts"}],"about":[{"href":"https:\/\/jorgezanoni.com.br\/2019\/wp-json\/wp\/v2\/types\/post"}],"author":[{"embeddable":true,"href":"https:\/\/jorgezanoni.com.br\/2019\/wp-json\/wp\/v2\/users\/1"}],"replies":[{"embeddable":true,"href":"https:\/\/jorgezanoni.com.br\/2019\/wp-json\/wp\/v2\/comments?post=41952"}],"version-history":[{"count":0,"href":"https:\/\/jorgezanoni.com.br\/2019\/wp-json\/wp\/v2\/posts\/41952\/revisions"}],"wp:featuredmedia":[{"embeddable":true,"href":"https:\/\/jorgezanoni.com.br\/2019\/wp-json\/wp\/v2\/media\/41953"}],"wp:attachment":[{"href":"https:\/\/jorgezanoni.com.br\/2019\/wp-json\/wp\/v2\/media?parent=41952"}],"wp:term":[{"taxonomy":"category","embeddable":true,"href":"https:\/\/jorgezanoni.com.br\/2019\/wp-json\/wp\/v2\/categories?post=41952"},{"taxonomy":"post_tag","embeddable":true,"href":"https:\/\/jorgezanoni.com.br\/2019\/wp-json\/wp\/v2\/tags?post=41952"}],"curies":[{"name":"wp","href":"https:\/\/api.w.org\/{rel}","templated":true}]}}