{"id":41947,"date":"2021-01-20T23:46:42","date_gmt":"2021-01-20T23:46:42","guid":{"rendered":"https:\/\/jorgezanoni.com.br\/2019\/?p=41947"},"modified":"2021-01-20T23:50:47","modified_gmt":"2021-01-20T23:50:47","slug":"deputado-bragato-debate-impacto-da-lei-de-ajuste-fiscal-no-setor-automotivo-com-estado","status":"publish","type":"post","link":"https:\/\/jorgezanoni.com.br\/2019\/deputado-bragato-debate-impacto-da-lei-de-ajuste-fiscal-no-setor-automotivo-com-estado\/","title":{"rendered":"Deputado Bragato debate impacto da lei de ajuste fiscal no setor automotivo com Estado"},"content":{"rendered":"<p style=\"text-align: justify;\">O deputado Mauro Bragato organizou uma reuni\u00e3o com o secret\u00e1rio estadual de Projetos, Or\u00e7amento e Gest\u00e3o, Mauro Ricardo Machado Costa, para debater o impacto da lei de ajuste fiscal no setor automotivo, na tarde desta quarta-feira, 20\/01, em S\u00e3o Paulo.<\/p>\n<p style=\"text-align: justify;\">Bragato esteve acompanhado de representantes do Sindicato dos Concession\u00e1rios de Ve\u00edculos do Estado de S\u00e3o Paulo, que argumentaram sobre o aumento da carga tribut\u00e1ria na comercializa\u00e7\u00e3o de carros usados, que aumentaria a informalidade das transa\u00e7\u00f5es e inviabilizaria novos neg\u00f3cios, perdendo espa\u00e7o para o mercado em outros estados.<\/p>\n<p style=\"text-align: justify;\">Durante a reuni\u00e3o, o secret\u00e1rio destacou que o Governo do Estado est\u00e1 disposto a dialogar com o setor e ressaltou que a pasta trabalhar\u00e1 para buscar uma solu\u00e7\u00e3o dentro dos par\u00e2metros estabelecidos pela Lei de Responsabilidade Fiscal.<\/p>\n<p>Demandas do setor<\/p>\n<p style=\"text-align: justify;\">O deputado apresentou mais tr\u00eas demandas de outros setores que tamb\u00e9m foram impactados com a nova legisla\u00e7\u00e3o tribut\u00e1ria. Entre elas, est\u00e1 uma reivindica\u00e7\u00e3o da cadeia produtiva de cer\u00e2mica. \u201cVou continuar trabalhando. Estou atento \u00e0s necessidades do setor e vou buscar a melhor solu\u00e7\u00e3o\u201d, disse Bragato.<\/p>\n<p style=\"text-align: justify;\">O pleito atendeu uma solicita\u00e7\u00e3o da Cooperativa das Ind\u00fastrias Cer\u00e2micas do Oeste Paulista e da Associa\u00e7\u00e3o das Cer\u00e2micas Vermelhas de It\u00fa e Regi\u00e3o para que o Estado reveja a eleva\u00e7\u00e3o que chega a 56% do ICMS sobre o produto cer\u00e2mico, segundo documentos assinados pelas diretorias das institui\u00e7\u00f5es.<\/p>\n<p style=\"text-align: justify;\">Bragato tamb\u00e9m protocolou um documento da Associa\u00e7\u00e3o de Produtores de Mandioca e Derivados do Estado de S\u00e3o Paulo para que o Governo retome os benef\u00edcios fiscais aplicados ao setor, a fim de fomentar o agroneg\u00f3cio paulista.<\/p>\n<p><img loading=\"lazy\" decoding=\"async\" class=\"alignnone size-full wp-image-41949\" src=\"https:\/\/jorgezanoni.com.br\/2019\/wp-content\/uploads\/2021\/01\/Braga1.jpg\" alt=\"\" width=\"1280\" height=\"958\" srcset=\"https:\/\/jorgezanoni.com.br\/2019\/wp-content\/uploads\/2021\/01\/Braga1.jpg 1280w, https:\/\/jorgezanoni.com.br\/2019\/wp-content\/uploads\/2021\/01\/Braga1-300x225.jpg 300w, https:\/\/jorgezanoni.com.br\/2019\/wp-content\/uploads\/2021\/01\/Braga1-1024x766.jpg 1024w, https:\/\/jorgezanoni.com.br\/2019\/wp-content\/uploads\/2021\/01\/Braga1-768x575.jpg 768w, https:\/\/jorgezanoni.com.br\/2019\/wp-content\/uploads\/2021\/01\/Braga1-80x60.jpg 80w, https:\/\/jorgezanoni.com.br\/2019\/wp-content\/uploads\/2021\/01\/Braga1-265x198.jpg 265w, https:\/\/jorgezanoni.com.br\/2019\/wp-content\/uploads\/2021\/01\/Braga1-696x521.jpg 696w, https:\/\/jorgezanoni.com.br\/2019\/wp-content\/uploads\/2021\/01\/Braga1-1068x799.jpg 1068w, https:\/\/jorgezanoni.com.br\/2019\/wp-content\/uploads\/2021\/01\/Braga1-561x420.jpg 561w\" sizes=\"auto, (max-width: 1280px) 100vw, 1280px\" \/><\/p>\n<p style=\"text-align: justify;\">Fonte: Assessoria de Imprensa<\/p>\n","protected":false},"excerpt":{"rendered":"<p>O deputado Mauro Bragato organizou uma reuni\u00e3o com o secret\u00e1rio estadual de Projetos, Or\u00e7amento e Gest\u00e3o, Mauro Ricardo Machado Costa, para debater o impacto da lei de ajuste fiscal no setor automotivo, na tarde desta quarta-feira, 20\/01, em S\u00e3o Paulo. Bragato esteve acompanhado de representantes do Sindicato dos Concession\u00e1rios de Ve\u00edculos do Estado de S\u00e3o [&hellip;]<\/p>\n","protected":false},"author":1,"featured_media":41948,"comment_status":"closed","ping_status":"open","sticky":false,"template":"","format":"standard","meta":{"footnotes":""},"categories":[116],"tags":[],"class_list":["post-41947","post","type-post","status-publish","format-standard","has-post-thumbnail","hentry","category-politicaeeconomia"],"_links":{"self":[{"href":"https:\/\/jorgezanoni.com.br\/2019\/wp-json\/wp\/v2\/posts\/41947","targetHints":{"allow":["GET"]}}],"collection":[{"href":"https:\/\/jorgezanoni.com.br\/2019\/wp-json\/wp\/v2\/posts"}],"about":[{"href":"https:\/\/jorgezanoni.com.br\/2019\/wp-json\/wp\/v2\/types\/post"}],"author":[{"embeddable":true,"href":"https:\/\/jorgezanoni.com.br\/2019\/wp-json\/wp\/v2\/users\/1"}],"replies":[{"embeddable":true,"href":"https:\/\/jorgezanoni.com.br\/2019\/wp-json\/wp\/v2\/comments?post=41947"}],"version-history":[{"count":0,"href":"https:\/\/jorgezanoni.com.br\/2019\/wp-json\/wp\/v2\/posts\/41947\/revisions"}],"wp:featuredmedia":[{"embeddable":true,"href":"https:\/\/jorgezanoni.com.br\/2019\/wp-json\/wp\/v2\/media\/41948"}],"wp:attachment":[{"href":"https:\/\/jorgezanoni.com.br\/2019\/wp-json\/wp\/v2\/media?parent=41947"}],"wp:term":[{"taxonomy":"category","embeddable":true,"href":"https:\/\/jorgezanoni.com.br\/2019\/wp-json\/wp\/v2\/categories?post=41947"},{"taxonomy":"post_tag","embeddable":true,"href":"https:\/\/jorgezanoni.com.br\/2019\/wp-json\/wp\/v2\/tags?post=41947"}],"curies":[{"name":"wp","href":"https:\/\/api.w.org\/{rel}","templated":true}]}}