{"id":41921,"date":"2021-01-20T15:35:10","date_gmt":"2021-01-20T15:35:10","guid":{"rendered":"https:\/\/jorgezanoni.com.br\/2019\/?p=41921"},"modified":"2021-01-20T23:20:17","modified_gmt":"2021-01-20T23:20:17","slug":"medico-natural-de-dracena-que-ja-teve-covid-19-foi-vacinado-hoje-em-sj-r-preto","status":"publish","type":"post","link":"https:\/\/jorgezanoni.com.br\/2019\/medico-natural-de-dracena-que-ja-teve-covid-19-foi-vacinado-hoje-em-sj-r-preto\/","title":{"rendered":"M\u00e9dico natural de Dracena que j\u00e1 teve COVID-19 foi vacinado hoje em S.J.R. Preto"},"content":{"rendered":"<p style=\"text-align: justify;\"><strong>O m\u00e9dico clinico geral, Bruno Pinotti Correia, natural de Dracena\u00a0 foi vacinado hoje na cidade de S\u00e3o Jos\u00e9 do Rio Preto.<\/strong><\/p>\n<p style=\"text-align: justify;\">Bruno teve COVID-19 em julho de 2020 e conseguiu superar a doen\u00e7a.<\/p>\n<p style=\"text-align: justify;\">Dr. Bruno Pinotti Correia d\u00e1 plant\u00e3o na Santa Casa de Votuporanga, plant\u00e3o na UTI Covid de Rio Preto e \u00e9 m\u00e9dico residente de Cardiologia no Hospital de Base de S\u00e3o Jos\u00e9 do Rio Preto pela (Famerp) (Faculdade de Medicina de Rio Preto\/SP.<\/p>\n<p style=\"text-align: justify;\">Em Tupi Paulista chegou a ocupar o cargo de diretor clinico do Pronto Atendimento M\u00e9dico Municipal &#8220;Dr. Francisco Manzano Tom\u00e9&#8221; PAMM, prestando relevantes servi\u00e7os \u00e0 comunidade local.<\/p>\n<p style=\"text-align: justify;\">Seus pais, o m\u00e9dico Pedro Correia e a m\u00e3e Telma Pinotti Correia, residem em Tupi Paulista.<\/p>\n<p><img loading=\"lazy\" decoding=\"async\" class=\"alignnone size-full wp-image-41925\" src=\"https:\/\/jorgezanoni.com.br\/2019\/wp-content\/uploads\/2021\/01\/pINOTTI1-1.jpg\" alt=\"\" width=\"960\" height=\"927\" srcset=\"https:\/\/jorgezanoni.com.br\/2019\/wp-content\/uploads\/2021\/01\/pINOTTI1-1.jpg 960w, https:\/\/jorgezanoni.com.br\/2019\/wp-content\/uploads\/2021\/01\/pINOTTI1-1-300x290.jpg 300w, https:\/\/jorgezanoni.com.br\/2019\/wp-content\/uploads\/2021\/01\/pINOTTI1-1-768x742.jpg 768w, https:\/\/jorgezanoni.com.br\/2019\/wp-content\/uploads\/2021\/01\/pINOTTI1-1-696x672.jpg 696w, https:\/\/jorgezanoni.com.br\/2019\/wp-content\/uploads\/2021\/01\/pINOTTI1-1-435x420.jpg 435w\" sizes=\"auto, (max-width: 960px) 100vw, 960px\" \/><\/p>\n<p>&nbsp;<\/p>\n<p style=\"text-align: justify;\">Jorge Zanoni<\/p>\n<p>&nbsp;<\/p>\n","protected":false},"excerpt":{"rendered":"<p>O m\u00e9dico clinico geral, Bruno Pinotti Correia, natural de Dracena\u00a0 foi vacinado hoje na cidade de S\u00e3o Jos\u00e9 do Rio Preto. Bruno teve COVID-19 em julho de 2020 e conseguiu superar a doen\u00e7a. Dr. Bruno Pinotti Correia d\u00e1 plant\u00e3o na Santa Casa de Votuporanga, plant\u00e3o na UTI Covid de Rio Preto e \u00e9 m\u00e9dico residente [&hellip;]<\/p>\n","protected":false},"author":1,"featured_media":41923,"comment_status":"closed","ping_status":"open","sticky":false,"template":"","format":"standard","meta":{"footnotes":""},"categories":[110,122],"tags":[],"class_list":["post-41921","post","type-post","status-publish","format-standard","has-post-thumbnail","hentry","category-noticiasdestaque","category-saudeeducacaoeconcurso"],"_links":{"self":[{"href":"https:\/\/jorgezanoni.com.br\/2019\/wp-json\/wp\/v2\/posts\/41921","targetHints":{"allow":["GET"]}}],"collection":[{"href":"https:\/\/jorgezanoni.com.br\/2019\/wp-json\/wp\/v2\/posts"}],"about":[{"href":"https:\/\/jorgezanoni.com.br\/2019\/wp-json\/wp\/v2\/types\/post"}],"author":[{"embeddable":true,"href":"https:\/\/jorgezanoni.com.br\/2019\/wp-json\/wp\/v2\/users\/1"}],"replies":[{"embeddable":true,"href":"https:\/\/jorgezanoni.com.br\/2019\/wp-json\/wp\/v2\/comments?post=41921"}],"version-history":[{"count":0,"href":"https:\/\/jorgezanoni.com.br\/2019\/wp-json\/wp\/v2\/posts\/41921\/revisions"}],"wp:featuredmedia":[{"embeddable":true,"href":"https:\/\/jorgezanoni.com.br\/2019\/wp-json\/wp\/v2\/media\/41923"}],"wp:attachment":[{"href":"https:\/\/jorgezanoni.com.br\/2019\/wp-json\/wp\/v2\/media?parent=41921"}],"wp:term":[{"taxonomy":"category","embeddable":true,"href":"https:\/\/jorgezanoni.com.br\/2019\/wp-json\/wp\/v2\/categories?post=41921"},{"taxonomy":"post_tag","embeddable":true,"href":"https:\/\/jorgezanoni.com.br\/2019\/wp-json\/wp\/v2\/tags?post=41921"}],"curies":[{"name":"wp","href":"https:\/\/api.w.org\/{rel}","templated":true}]}}