{"id":4192,"date":"2019-08-20T15:46:32","date_gmt":"2019-08-20T15:46:32","guid":{"rendered":"https:\/\/jorgezanoni.com.br\/2019\/?p=4192"},"modified":"2019-08-20T15:46:32","modified_gmt":"2019-08-20T15:46:32","slug":"policia-militar-age-rapidamente-e-prende-homem-por-furto-em-mercado","status":"publish","type":"post","link":"https:\/\/jorgezanoni.com.br\/2019\/policia-militar-age-rapidamente-e-prende-homem-por-furto-em-mercado\/","title":{"rendered":"Pol\u00edcia Militar age rapidamente e prende homem por furto em Mercado"},"content":{"rendered":"<p style=\"text-align: justify;\">A equipe Policial Militar ap\u00f3s informa\u00e7\u00f5es de que um indiv\u00edduo teria furtado um par de chinelo e tomado destino ao terminal rodovi\u00e1rio e de posse das caracter\u00edsticas do indiv\u00edduo realizou patrulhamento e rapidamente o localizou no terminal rodovi\u00e1rio onde confessou o furto. Foi dado voz de pris\u00e3o em flagrante ficando a disposi\u00e7\u00e3o da Justi\u00e7a.<\/p>\n<p style=\"text-align: justify;\">Data : 20\/08\/19 &#8211; Hor\u00e1rio :09h10min &#8211;\u00a0Endere\u00e7o : AV RUI BARBOSA 988 &#8211;\u00a0Munic\u00edpio: Dracena \/SP. &#8211; Autor : M. N. (45 ANO).<\/p>\n<p>Fonte: Com. Social 25\u00ba BPM\/I<\/p>\n","protected":false},"excerpt":{"rendered":"<p>A equipe Policial Militar ap\u00f3s informa\u00e7\u00f5es de que um indiv\u00edduo teria furtado um par de chinelo e tomado destino ao terminal rodovi\u00e1rio e de posse das caracter\u00edsticas do indiv\u00edduo realizou patrulhamento e rapidamente o localizou no terminal rodovi\u00e1rio onde confessou o furto. Foi dado voz de pris\u00e3o em flagrante ficando a disposi\u00e7\u00e3o da Justi\u00e7a. Data [&hellip;]<\/p>\n","protected":false},"author":1,"featured_media":4193,"comment_status":"closed","ping_status":"open","sticky":false,"template":"","format":"standard","meta":{"footnotes":""},"categories":[110,2],"tags":[],"class_list":["post-4192","post","type-post","status-publish","format-standard","has-post-thumbnail","hentry","category-noticiasdestaque","category-policial"],"_links":{"self":[{"href":"https:\/\/jorgezanoni.com.br\/2019\/wp-json\/wp\/v2\/posts\/4192","targetHints":{"allow":["GET"]}}],"collection":[{"href":"https:\/\/jorgezanoni.com.br\/2019\/wp-json\/wp\/v2\/posts"}],"about":[{"href":"https:\/\/jorgezanoni.com.br\/2019\/wp-json\/wp\/v2\/types\/post"}],"author":[{"embeddable":true,"href":"https:\/\/jorgezanoni.com.br\/2019\/wp-json\/wp\/v2\/users\/1"}],"replies":[{"embeddable":true,"href":"https:\/\/jorgezanoni.com.br\/2019\/wp-json\/wp\/v2\/comments?post=4192"}],"version-history":[{"count":0,"href":"https:\/\/jorgezanoni.com.br\/2019\/wp-json\/wp\/v2\/posts\/4192\/revisions"}],"wp:featuredmedia":[{"embeddable":true,"href":"https:\/\/jorgezanoni.com.br\/2019\/wp-json\/wp\/v2\/media\/4193"}],"wp:attachment":[{"href":"https:\/\/jorgezanoni.com.br\/2019\/wp-json\/wp\/v2\/media?parent=4192"}],"wp:term":[{"taxonomy":"category","embeddable":true,"href":"https:\/\/jorgezanoni.com.br\/2019\/wp-json\/wp\/v2\/categories?post=4192"},{"taxonomy":"post_tag","embeddable":true,"href":"https:\/\/jorgezanoni.com.br\/2019\/wp-json\/wp\/v2\/tags?post=4192"}],"curies":[{"name":"wp","href":"https:\/\/api.w.org\/{rel}","templated":true}]}}