{"id":41906,"date":"2021-01-20T13:54:22","date_gmt":"2021-01-20T13:54:22","guid":{"rendered":"https:\/\/jorgezanoni.com.br\/2019\/?p=41906"},"modified":"2021-01-20T13:54:22","modified_gmt":"2021-01-20T13:54:22","slug":"mercado-em-tempo-de-meta-globalizacao-digital","status":"publish","type":"post","link":"https:\/\/jorgezanoni.com.br\/2019\/mercado-em-tempo-de-meta-globalizacao-digital\/","title":{"rendered":"Mercado em tempo de Meta-Globaliza\u00e7\u00e3o Digital&#8230;"},"content":{"rendered":"<p style=\"text-align: justify;\"><strong>Mercado em tempo de Meta-Globaliza\u00e7\u00e3o Digital&#8230;<\/strong><\/p>\n<p style=\"text-align: justify;\"><strong><em>\u201cDevemos sempre nos lembrar de que as tecnologias que tornaram os meta-humanos vi\u00e1veis foram originalmente inventadas por humanos, e eles n\u00e3o eram mais inteligentes que n\u00f3s.\u201d (<\/em><\/strong><a href=\"https:\/\/www.pensador.com\/autor\/ted_chiang\/\"><strong><em>Ted Chiang<\/em><\/strong><\/a><strong><em>)<\/em><\/strong><\/p>\n<p style=\"text-align: justify;\"><strong><em>S\u00e9rgio Barbosa (*)<\/em><\/strong><\/p>\n<p style=\"text-align: justify;\">Mesmo em tempo de PANDEMIA, faz-se necess\u00e1rio estar em conex\u00e3o com os desencontros patrocinados pela denominada TECNOLOGIA DIGITAIS em n\u00edvel GLOCAL, ou seja, do GLOBAL para o LOCAL&#8230;<\/p>\n<p style=\"text-align: justify;\">Tais considera\u00e7\u00f5es est\u00e3o mais ou de menos de acordo com as poss\u00edveis altera\u00e7\u00f5es no CEN\u00c1RIO atual em todas as \u00e1reas do MERCADO, tendo em vista o AVAN\u00c7O SEM LIMITES mediados pela TECNOLOGIA DIGITAL&#8230;<\/p>\n<p style=\"text-align: justify;\">Por exemplo, muitas das atuais PROFISS\u00d5ES existentes atualmente no MERCADO est\u00e3o com os DIAS CONTADOS, isso mesmo, al\u00e9m do mais ou de menos, tais SINAIS est\u00e3o ocorrendo desde o final do S\u00c9CULO XX&#8230;<\/p>\n<p style=\"text-align: justify;\">Para tais questionamentos s\u00e3o necess\u00e1rios estar em sintonia com a HIST\u00d3RIA em uma perspectiva SOCIOL\u00d3GICA para uma reflex\u00e3o por meio da FILOSOFIA e outras \u00e1reas afins para uma REFLEX\u00c3O CR\u00cdTICA em tempo de GEST\u00c3O DAS ORGANIZA\u00c7\u00d5ES&#8230;<\/p>\n<p style=\"text-align: justify;\">Portanto, se VOC\u00ca est\u00e1 cursando esta ou aquela GRADUA\u00c7\u00c3O, ainda, se possui DIPLOMA e est\u00e1 com dificuldades de encontrar uma VAGA no MERCADO, ainda, mesmo em tempo de PANDEMIA, torna-se fundamental que VOC\u00ca questione a sua FORMA\u00c7\u00c3O ACAD\u00caMICA e EXPERI\u00caNCIA PROFISSIONAL, bem como, se estiver, ainda, CURSANDO esta ou aquela GRADUA\u00c7\u00c3O nas \u00e1reas das CI\u00caNCIAS HUMANAS, EXATAS, DA SA\u00daDE ou AGR\u00c1RIAS&#8230;<\/p>\n<p style=\"text-align: justify;\">Desta forma, a PESQUISA antes de escolher para onde pretende ir na sua FORMA\u00c7\u00c3O SUPERIOR, tamb\u00e9m, neste contexto plural em n\u00edvel de MERCADO GLOCAL, todavia, existem muitas alternativas em ABERTO para todas as \u00e1reas, entretanto, depende sempre do interesse individual com um OLHAR no COLETIVO para uma aproxima\u00e7\u00e3o com as NOVAS TECNOLOGIAS DIGITAIS&#8230;<\/p>\n<p style=\"text-align: justify;\">Entendo que os fatos relacionados com a PANDEMIA nesta atual conjuntura MUNDIAL, est\u00e3o acelerando tais tend\u00eancias profissionais, haja vista as decis\u00f5es que muitas ORGANIZA\u00c7\u00d5ES est\u00e3o tomando quanto ao ENCERRAMENTO DAS ATIVIDADES nos quatro cantos do PLANETA&#8230;<\/p>\n<p style=\"text-align: justify;\">Neste momento em que tudo pode ocorrer em fun\u00e7\u00e3o da PANDEMIA, cada qual deve saber fazer as suas ESCOLHAS frente ao inusitado que o MERCADO e suas EXIG\u00caNCIAS por meio da QUALIFICA\u00c7\u00c3O PROFISSIONAL e FORMA\u00c7\u00c3O ACAD\u00caMICA, tamb\u00e9m, da CAPACIDADE INDIVIDUAL em tempo de P\u00d3S-GLOBALIZA\u00c7\u00c3O MIDI\u00c1TICA na perspectiva das ORGANIZA\u00c7\u00d5ES&#8230;<\/p>\n<p style=\"text-align: justify;\"><strong><em>_________________________________<\/em><\/strong><\/p>\n<p style=\"text-align: justify;\"><strong><em>(*) jornalista diplomado, professor universit\u00e1rio, consultor na \u00e1rea da gest\u00e3o da comunica\u00e7\u00e3o organizacional e assessor-executivo da ASSPEM-assessoria p\u00fablica e p<\/em><\/strong><\/p>\n","protected":false},"excerpt":{"rendered":"<p>Mercado em tempo de Meta-Globaliza\u00e7\u00e3o Digital&#8230; \u201cDevemos sempre nos lembrar de que as tecnologias que tornaram os meta-humanos vi\u00e1veis foram originalmente inventadas por humanos, e eles n\u00e3o eram mais inteligentes que n\u00f3s.\u201d (Ted Chiang) S\u00e9rgio Barbosa (*) Mesmo em tempo de PANDEMIA, faz-se necess\u00e1rio estar em conex\u00e3o com os desencontros patrocinados pela denominada TECNOLOGIA DIGITAIS [&hellip;]<\/p>\n","protected":false},"author":1,"featured_media":41907,"comment_status":"closed","ping_status":"open","sticky":false,"template":"","format":"standard","meta":{"footnotes":""},"categories":[175],"tags":[],"class_list":["post-41906","post","type-post","status-publish","format-standard","has-post-thumbnail","hentry","category-artigos"],"_links":{"self":[{"href":"https:\/\/jorgezanoni.com.br\/2019\/wp-json\/wp\/v2\/posts\/41906","targetHints":{"allow":["GET"]}}],"collection":[{"href":"https:\/\/jorgezanoni.com.br\/2019\/wp-json\/wp\/v2\/posts"}],"about":[{"href":"https:\/\/jorgezanoni.com.br\/2019\/wp-json\/wp\/v2\/types\/post"}],"author":[{"embeddable":true,"href":"https:\/\/jorgezanoni.com.br\/2019\/wp-json\/wp\/v2\/users\/1"}],"replies":[{"embeddable":true,"href":"https:\/\/jorgezanoni.com.br\/2019\/wp-json\/wp\/v2\/comments?post=41906"}],"version-history":[{"count":0,"href":"https:\/\/jorgezanoni.com.br\/2019\/wp-json\/wp\/v2\/posts\/41906\/revisions"}],"wp:featuredmedia":[{"embeddable":true,"href":"https:\/\/jorgezanoni.com.br\/2019\/wp-json\/wp\/v2\/media\/41907"}],"wp:attachment":[{"href":"https:\/\/jorgezanoni.com.br\/2019\/wp-json\/wp\/v2\/media?parent=41906"}],"wp:term":[{"taxonomy":"category","embeddable":true,"href":"https:\/\/jorgezanoni.com.br\/2019\/wp-json\/wp\/v2\/categories?post=41906"},{"taxonomy":"post_tag","embeddable":true,"href":"https:\/\/jorgezanoni.com.br\/2019\/wp-json\/wp\/v2\/tags?post=41906"}],"curies":[{"name":"wp","href":"https:\/\/api.w.org\/{rel}","templated":true}]}}