{"id":4187,"date":"2019-08-20T15:29:13","date_gmt":"2019-08-20T15:29:13","guid":{"rendered":"https:\/\/jorgezanoni.com.br\/2019\/?p=4187"},"modified":"2019-08-20T15:29:49","modified_gmt":"2019-08-20T15:29:49","slug":"apos-bater-em-mulher-homem-e-preso-pela-policia-militar-em-ouro-verde","status":"publish","type":"post","link":"https:\/\/jorgezanoni.com.br\/2019\/apos-bater-em-mulher-homem-e-preso-pela-policia-militar-em-ouro-verde\/","title":{"rendered":"Ap\u00f3s bater em mulher, homem \u00e9 preso pela Pol\u00edcia Militar em Ouro Verde"},"content":{"rendered":"<p style=\"text-align: justify;\">Nesta segunda feira (19), por volta das 21h20min, os Policiais Militares de Ouro Verde, atenderam uma ocorr\u00eancia de Viol\u00eancia dom\u00e9stica pela Av. Minas Gerais. No local, constatou que o autor R.S.S., muito alterado e agressivo, apertou o pesco\u00e7o da v\u00edtima R.S.A., dando tapas em seu rosto e tentando esgana-la. A v\u00edtima apres<span class=\"text_exposed_show\">entava les\u00e3o no pesco\u00e7o e diante dos fatos, foi dada voz de pris\u00e3o ao autor, que foi conduzido e apresentado na delegacia, onde a autoridade judici\u00e1ria ratificou o flagrante e arbitrando um sal\u00e1rio m\u00ednimo de fian\u00e7a, que ap\u00f3s ser paga por familiares, o autor foi liberado para responder em liberdade.<\/span><\/p>\n<p><a class=\"_58cn\" href=\"https:\/\/www.facebook.com\/hashtag\/25bpmi?epa=HASHTAG\" data-ft=\"{&quot;type&quot;:104,&quot;tn&quot;:&quot;*N&quot;}\">#25BPMI<\/a><br \/>\n<a class=\"_58cn\" href=\"https:\/\/www.facebook.com\/hashtag\/policiamilitarsp?epa=HASHTAG\" data-ft=\"{&quot;type&quot;:104,&quot;tn&quot;:&quot;*N&quot;}\">#POLICIAMILITARSP<\/a><br \/>\n<a class=\"_58cn\" href=\"https:\/\/www.facebook.com\/hashtag\/afor%C3%A7ap%C3%BAblicades%C3%A3opaulo?epa=HASHTAG\" data-ft=\"{&quot;type&quot;:104,&quot;tn&quot;:&quot;*N&quot;}\">#AFOR\u00c7AP\u00daBLICADES\u00c3OPAULO<\/a><br \/>\nFonte: COMUNICA\u00c7\u00c3O SOCIAL DO 25\u00ba BPM\/I &#8211; Dracena e regi\u00e3o.<\/p>\n","protected":false},"excerpt":{"rendered":"<p>Nesta segunda feira (19), por volta das 21h20min, os Policiais Militares de Ouro Verde, atenderam uma ocorr\u00eancia de Viol\u00eancia dom\u00e9stica pela Av. Minas Gerais. No local, constatou que o autor R.S.S., muito alterado e agressivo, apertou o pesco\u00e7o da v\u00edtima R.S.A., dando tapas em seu rosto e tentando esgana-la. A v\u00edtima apresentava les\u00e3o no pesco\u00e7o [&hellip;]<\/p>\n","protected":false},"author":1,"featured_media":4188,"comment_status":"closed","ping_status":"open","sticky":false,"template":"","format":"standard","meta":{"footnotes":""},"categories":[110,2],"tags":[],"class_list":["post-4187","post","type-post","status-publish","format-standard","has-post-thumbnail","hentry","category-noticiasdestaque","category-policial"],"_links":{"self":[{"href":"https:\/\/jorgezanoni.com.br\/2019\/wp-json\/wp\/v2\/posts\/4187","targetHints":{"allow":["GET"]}}],"collection":[{"href":"https:\/\/jorgezanoni.com.br\/2019\/wp-json\/wp\/v2\/posts"}],"about":[{"href":"https:\/\/jorgezanoni.com.br\/2019\/wp-json\/wp\/v2\/types\/post"}],"author":[{"embeddable":true,"href":"https:\/\/jorgezanoni.com.br\/2019\/wp-json\/wp\/v2\/users\/1"}],"replies":[{"embeddable":true,"href":"https:\/\/jorgezanoni.com.br\/2019\/wp-json\/wp\/v2\/comments?post=4187"}],"version-history":[{"count":0,"href":"https:\/\/jorgezanoni.com.br\/2019\/wp-json\/wp\/v2\/posts\/4187\/revisions"}],"wp:featuredmedia":[{"embeddable":true,"href":"https:\/\/jorgezanoni.com.br\/2019\/wp-json\/wp\/v2\/media\/4188"}],"wp:attachment":[{"href":"https:\/\/jorgezanoni.com.br\/2019\/wp-json\/wp\/v2\/media?parent=4187"}],"wp:term":[{"taxonomy":"category","embeddable":true,"href":"https:\/\/jorgezanoni.com.br\/2019\/wp-json\/wp\/v2\/categories?post=4187"},{"taxonomy":"post_tag","embeddable":true,"href":"https:\/\/jorgezanoni.com.br\/2019\/wp-json\/wp\/v2\/tags?post=4187"}],"curies":[{"name":"wp","href":"https:\/\/api.w.org\/{rel}","templated":true}]}}