{"id":41866,"date":"2021-01-20T00:29:22","date_gmt":"2021-01-20T00:29:22","guid":{"rendered":"https:\/\/jorgezanoni.com.br\/2019\/?p=41866"},"modified":"2021-01-20T01:12:45","modified_gmt":"2021-01-20T01:12:45","slug":"boiada-incomoda-moradores-de-bairro-de-dracena","status":"publish","type":"post","link":"https:\/\/jorgezanoni.com.br\/2019\/boiada-incomoda-moradores-de-bairro-de-dracena\/","title":{"rendered":"Boiada incomoda moradores de bairro de Dracena"},"content":{"rendered":"<p style=\"text-align: justify;\">Moradores do Bairro Virgilio Fioravante, est\u00e3o incomodados com a quantidade de gado que frequentemente tem circulado pelas ruas.<\/p>\n<p style=\"text-align: justify;\">Segundo informaram \u00e0 reportagem do <strong>Site Jorge Zanoni,<\/strong> \u00e9 comum ver os Nelores passeando em bando sem nenhuma provid\u00eancia tomada.<\/p>\n<p style=\"text-align: justify;\">Pedem os moradores que os respons\u00e1veis fa\u00e7am alguma coisa, pois os animais pertencem h\u00e1 um pasto das vizinhan\u00e7as que vive com a cerca quebrada por onde saem.<\/p>\n<p style=\"text-align: justify;\">A Pol\u00edcia Militar esteve no local e gentilmente ajudou a recolher o gado no pasto novamente, segundo os moradores disseram que nada podem fazer. Alguns Boletins de Ocorr\u00eancia j\u00e1 foram registrados.<\/p>\n<p style=\"text-align: justify;\">Autoridades competentes, favor dar uma passada pelo local e resolver a situa\u00e7\u00e3o antes que aconte\u00e7a algum acidente aconte\u00e7a e algu\u00e9m acabe ferido.<\/p>\n<div style=\"width: 640px;\" class=\"wp-video\"><video class=\"wp-video-shortcode\" id=\"video-41866-1\" width=\"640\" height=\"352\" preload=\"metadata\" controls=\"controls\"><source type=\"video\/mp4\" src=\"https:\/\/jorgezanoni.com.br\/2019\/wp-content\/uploads\/2021\/01\/WhatsApp-Video-2021-01-18-at-23.47.35-1.mp4?_=1\" \/><a href=\"https:\/\/jorgezanoni.com.br\/2019\/wp-content\/uploads\/2021\/01\/WhatsApp-Video-2021-01-18-at-23.47.35-1.mp4\">https:\/\/jorgezanoni.com.br\/2019\/wp-content\/uploads\/2021\/01\/WhatsApp-Video-2021-01-18-at-23.47.35-1.mp4<\/a><\/video><\/div>\n<div style=\"width: 640px;\" class=\"wp-video\"><video class=\"wp-video-shortcode\" id=\"video-41866-2\" width=\"640\" height=\"352\" preload=\"metadata\" controls=\"controls\"><source type=\"video\/mp4\" src=\"https:\/\/jorgezanoni.com.br\/2019\/wp-content\/uploads\/2021\/01\/WhatsApp-Video-2021-01-18-at-23.45.51-1.mp4?_=2\" \/><a href=\"https:\/\/jorgezanoni.com.br\/2019\/wp-content\/uploads\/2021\/01\/WhatsApp-Video-2021-01-18-at-23.45.51-1.mp4\">https:\/\/jorgezanoni.com.br\/2019\/wp-content\/uploads\/2021\/01\/WhatsApp-Video-2021-01-18-at-23.45.51-1.mp4<\/a><\/video><\/div>\n<div style=\"width: 640px;\" class=\"wp-video\"><video class=\"wp-video-shortcode\" id=\"video-41866-3\" width=\"640\" height=\"352\" preload=\"metadata\" controls=\"controls\"><source type=\"video\/mp4\" src=\"https:\/\/jorgezanoni.com.br\/2019\/wp-content\/uploads\/2021\/01\/WhatsApp-Video-2021-01-19-at-21.41.06.mp4?_=3\" \/><a href=\"https:\/\/jorgezanoni.com.br\/2019\/wp-content\/uploads\/2021\/01\/WhatsApp-Video-2021-01-19-at-21.41.06.mp4\">https:\/\/jorgezanoni.com.br\/2019\/wp-content\/uploads\/2021\/01\/WhatsApp-Video-2021-01-19-at-21.41.06.mp4<\/a><\/video><\/div>\n<p>FORAM VISTOS TAMB\u00c9M NA RUA TUP\u00c3, VILA LUC\u00c9LIA.<\/p>\n<p><img loading=\"lazy\" decoding=\"async\" class=\"alignnone size-full wp-image-41872\" src=\"https:\/\/jorgezanoni.com.br\/2019\/wp-content\/uploads\/2021\/01\/boi3.jpg\" alt=\"\" width=\"960\" height=\"1280\" srcset=\"https:\/\/jorgezanoni.com.br\/2019\/wp-content\/uploads\/2021\/01\/boi3.jpg 960w, https:\/\/jorgezanoni.com.br\/2019\/wp-content\/uploads\/2021\/01\/boi3-225x300.jpg 225w, https:\/\/jorgezanoni.com.br\/2019\/wp-content\/uploads\/2021\/01\/boi3-768x1024.jpg 768w, https:\/\/jorgezanoni.com.br\/2019\/wp-content\/uploads\/2021\/01\/boi3-696x928.jpg 696w, https:\/\/jorgezanoni.com.br\/2019\/wp-content\/uploads\/2021\/01\/boi3-315x420.jpg 315w\" sizes=\"auto, (max-width: 960px) 100vw, 960px\" \/><\/p>\n<p style=\"text-align: justify;\">Jorge Zanoni<\/p>\n<p>Fotos e V\u00eddeos de Internautas<\/p>\n","protected":false},"excerpt":{"rendered":"<p>Moradores do Bairro Virgilio Fioravante, est\u00e3o incomodados com a quantidade de gado que frequentemente tem circulado pelas ruas. Segundo informaram \u00e0 reportagem do Site Jorge Zanoni, \u00e9 comum ver os Nelores passeando em bando sem nenhuma provid\u00eancia tomada. Pedem os moradores que os respons\u00e1veis fa\u00e7am alguma coisa, pois os animais pertencem h\u00e1 um pasto das [&hellip;]<\/p>\n","protected":false},"author":1,"featured_media":41871,"comment_status":"closed","ping_status":"open","sticky":false,"template":"","format":"video","meta":{"footnotes":""},"categories":[179,184,110,169],"tags":[],"class_list":["post-41866","post","type-post","status-publish","format-video","has-post-thumbnail","hentry","category-cidadeseregiao","category-dracena","category-noticiasdestaque","category-videos","post_format-post-format-video"],"_links":{"self":[{"href":"https:\/\/jorgezanoni.com.br\/2019\/wp-json\/wp\/v2\/posts\/41866","targetHints":{"allow":["GET"]}}],"collection":[{"href":"https:\/\/jorgezanoni.com.br\/2019\/wp-json\/wp\/v2\/posts"}],"about":[{"href":"https:\/\/jorgezanoni.com.br\/2019\/wp-json\/wp\/v2\/types\/post"}],"author":[{"embeddable":true,"href":"https:\/\/jorgezanoni.com.br\/2019\/wp-json\/wp\/v2\/users\/1"}],"replies":[{"embeddable":true,"href":"https:\/\/jorgezanoni.com.br\/2019\/wp-json\/wp\/v2\/comments?post=41866"}],"version-history":[{"count":0,"href":"https:\/\/jorgezanoni.com.br\/2019\/wp-json\/wp\/v2\/posts\/41866\/revisions"}],"wp:featuredmedia":[{"embeddable":true,"href":"https:\/\/jorgezanoni.com.br\/2019\/wp-json\/wp\/v2\/media\/41871"}],"wp:attachment":[{"href":"https:\/\/jorgezanoni.com.br\/2019\/wp-json\/wp\/v2\/media?parent=41866"}],"wp:term":[{"taxonomy":"category","embeddable":true,"href":"https:\/\/jorgezanoni.com.br\/2019\/wp-json\/wp\/v2\/categories?post=41866"},{"taxonomy":"post_tag","embeddable":true,"href":"https:\/\/jorgezanoni.com.br\/2019\/wp-json\/wp\/v2\/tags?post=41866"}],"curies":[{"name":"wp","href":"https:\/\/api.w.org\/{rel}","templated":true}]}}