{"id":41852,"date":"2021-01-19T15:22:04","date_gmt":"2021-01-19T15:22:04","guid":{"rendered":"https:\/\/jorgezanoni.com.br\/2019\/?p=41852"},"modified":"2021-01-19T15:22:04","modified_gmt":"2021-01-19T15:22:04","slug":"ace-de-dracena-escolhe-novo-presidente-durante-a-tarde-de-hoje","status":"publish","type":"post","link":"https:\/\/jorgezanoni.com.br\/2019\/ace-de-dracena-escolhe-novo-presidente-durante-a-tarde-de-hoje\/","title":{"rendered":"ACE de Dracena escolhe novo presidente durante a tarde de hoje"},"content":{"rendered":"<h1 class=\"entry-title\"><\/h1>\n<p style=\"text-align: justify;\">Hoje (19) entre 14 e 17 Hs., associados com direito a voto escolhem o novo presidente da Associa\u00e7\u00e3o Comercial e Empresarial de Dracena na sede da Rua Brasil.<\/p>\n<p style=\"text-align: justify;\">Luciano Gerlin da Silva, comerciante do ramo de Turismo \u00e9 candidato \u00fanico e ser\u00e1 a primeira vez que participa pleiteando o cargo de presidente.<\/p>\n<p style=\"text-align: justify;\">Luciano tem em seus planos de governo, a cria\u00e7\u00e3o do Conselho de Ex-Presidentes, al\u00e9m de um Conselho de Mulheres, ainda est\u00e1 propenso a dar continuidade aos bons projetos realizados atualmente. Uma das metas \u00e9 a cria\u00e7\u00e3o de novos projetos que venham trazer motiva\u00e7\u00f5es aos associados.<\/p>\n<p style=\"text-align: justify;\">Na atual diretoria, ele ocupa o cargo de Tesoureiro, e sempre deu apoio incondicional ao atual presidente Lu\u00eds Carlos Scaliante.<\/p>\n<p style=\"text-align: justify;\">A apura\u00e7\u00e3o do resultado ocorre assim que se encerrar a vota\u00e7\u00e3o, \u00e0s 17:00 Horas.<\/p>\n<p style=\"text-align: justify;\">Jorge Zanoni<\/p>\n","protected":false},"excerpt":{"rendered":"<p>Hoje (19) entre 14 e 17 Hs., associados com direito a voto escolhem o novo presidente da Associa\u00e7\u00e3o Comercial e Empresarial de Dracena na sede da Rua Brasil. Luciano Gerlin da Silva, comerciante do ramo de Turismo \u00e9 candidato \u00fanico e ser\u00e1 a primeira vez que participa pleiteando o cargo de presidente. Luciano tem em [&hellip;]<\/p>\n","protected":false},"author":1,"featured_media":41853,"comment_status":"closed","ping_status":"open","sticky":false,"template":"","format":"standard","meta":{"footnotes":""},"categories":[114,110],"tags":[],"class_list":["post-41852","post","type-post","status-publish","format-standard","has-post-thumbnail","hentry","category-geralecomercio","category-noticiasdestaque"],"_links":{"self":[{"href":"https:\/\/jorgezanoni.com.br\/2019\/wp-json\/wp\/v2\/posts\/41852","targetHints":{"allow":["GET"]}}],"collection":[{"href":"https:\/\/jorgezanoni.com.br\/2019\/wp-json\/wp\/v2\/posts"}],"about":[{"href":"https:\/\/jorgezanoni.com.br\/2019\/wp-json\/wp\/v2\/types\/post"}],"author":[{"embeddable":true,"href":"https:\/\/jorgezanoni.com.br\/2019\/wp-json\/wp\/v2\/users\/1"}],"replies":[{"embeddable":true,"href":"https:\/\/jorgezanoni.com.br\/2019\/wp-json\/wp\/v2\/comments?post=41852"}],"version-history":[{"count":0,"href":"https:\/\/jorgezanoni.com.br\/2019\/wp-json\/wp\/v2\/posts\/41852\/revisions"}],"wp:featuredmedia":[{"embeddable":true,"href":"https:\/\/jorgezanoni.com.br\/2019\/wp-json\/wp\/v2\/media\/41853"}],"wp:attachment":[{"href":"https:\/\/jorgezanoni.com.br\/2019\/wp-json\/wp\/v2\/media?parent=41852"}],"wp:term":[{"taxonomy":"category","embeddable":true,"href":"https:\/\/jorgezanoni.com.br\/2019\/wp-json\/wp\/v2\/categories?post=41852"},{"taxonomy":"post_tag","embeddable":true,"href":"https:\/\/jorgezanoni.com.br\/2019\/wp-json\/wp\/v2\/tags?post=41852"}],"curies":[{"name":"wp","href":"https:\/\/api.w.org\/{rel}","templated":true}]}}