{"id":41846,"date":"2021-01-19T13:45:19","date_gmt":"2021-01-19T13:45:19","guid":{"rendered":"https:\/\/jorgezanoni.com.br\/2019\/?p=41846"},"modified":"2021-01-19T13:45:19","modified_gmt":"2021-01-19T13:45:19","slug":"tres-pacientes-morrem-nas-ultimas-horas-em-funcao-da-covid-19-na-santa-casa-de-dracena","status":"publish","type":"post","link":"https:\/\/jorgezanoni.com.br\/2019\/tres-pacientes-morrem-nas-ultimas-horas-em-funcao-da-covid-19-na-santa-casa-de-dracena\/","title":{"rendered":"Tr\u00eas pacientes morrem nas \u00faltimas horas em fun\u00e7\u00e3o da COVID-19, na Santa Casa de Dracena"},"content":{"rendered":"<p style=\"text-align: justify;\">Paciente 83 anos, sexo Feminino, Pacaembu, confirmado para Covid 19, internou 17\/01\/2021 veio a \u00d3bito dia 18\/01\/2021 \u00e0s 18:25 horas<\/p>\n<p style=\"text-align: justify;\">Paciente 62 anos, sexo Feminino, Ouro Verde, confirmado para Covid 19, internou 05\/01\/2021 veio a \u00d3bito dia 18\/01\/2021 \u00e0s 17:00 horas<\/p>\n<p style=\"text-align: justify;\">Paciente 60 anos, sexo Feminino, Dracena, Suspeita para Covid 19, internou 16\/01\/2021 veio a \u00d3bito dia 19\/01\/2021 \u00e0s 06:55 horas<\/p>\n<p style=\"text-align: justify;\">Fonte: Santa Casa de Dracena<\/p>\n","protected":false},"excerpt":{"rendered":"<p>Paciente 83 anos, sexo Feminino, Pacaembu, confirmado para Covid 19, internou 17\/01\/2021 veio a \u00d3bito dia 18\/01\/2021 \u00e0s 18:25 horas Paciente 62 anos, sexo Feminino, Ouro Verde, confirmado para Covid 19, internou 05\/01\/2021 veio a \u00d3bito dia 18\/01\/2021 \u00e0s 17:00 horas Paciente 60 anos, sexo Feminino, Dracena, Suspeita para Covid 19, internou 16\/01\/2021 veio a [&hellip;]<\/p>\n","protected":false},"author":1,"featured_media":41847,"comment_status":"closed","ping_status":"open","sticky":false,"template":"","format":"standard","meta":{"footnotes":""},"categories":[178,110],"tags":[],"class_list":["post-41846","post","type-post","status-publish","format-standard","has-post-thumbnail","hentry","category-notadefalecimento","category-noticiasdestaque"],"_links":{"self":[{"href":"https:\/\/jorgezanoni.com.br\/2019\/wp-json\/wp\/v2\/posts\/41846","targetHints":{"allow":["GET"]}}],"collection":[{"href":"https:\/\/jorgezanoni.com.br\/2019\/wp-json\/wp\/v2\/posts"}],"about":[{"href":"https:\/\/jorgezanoni.com.br\/2019\/wp-json\/wp\/v2\/types\/post"}],"author":[{"embeddable":true,"href":"https:\/\/jorgezanoni.com.br\/2019\/wp-json\/wp\/v2\/users\/1"}],"replies":[{"embeddable":true,"href":"https:\/\/jorgezanoni.com.br\/2019\/wp-json\/wp\/v2\/comments?post=41846"}],"version-history":[{"count":0,"href":"https:\/\/jorgezanoni.com.br\/2019\/wp-json\/wp\/v2\/posts\/41846\/revisions"}],"wp:featuredmedia":[{"embeddable":true,"href":"https:\/\/jorgezanoni.com.br\/2019\/wp-json\/wp\/v2\/media\/41847"}],"wp:attachment":[{"href":"https:\/\/jorgezanoni.com.br\/2019\/wp-json\/wp\/v2\/media?parent=41846"}],"wp:term":[{"taxonomy":"category","embeddable":true,"href":"https:\/\/jorgezanoni.com.br\/2019\/wp-json\/wp\/v2\/categories?post=41846"},{"taxonomy":"post_tag","embeddable":true,"href":"https:\/\/jorgezanoni.com.br\/2019\/wp-json\/wp\/v2\/tags?post=41846"}],"curies":[{"name":"wp","href":"https:\/\/api.w.org\/{rel}","templated":true}]}}