{"id":41843,"date":"2021-01-19T13:37:18","date_gmt":"2021-01-19T13:37:18","guid":{"rendered":"https:\/\/jorgezanoni.com.br\/2019\/?p=41843"},"modified":"2021-01-19T13:37:18","modified_gmt":"2021-01-19T13:37:18","slug":"imprensa-de-dracena-ou-pelo-menos-parte-dela-esta-preterida-pela-administracao-municipal","status":"publish","type":"post","link":"https:\/\/jorgezanoni.com.br\/2019\/imprensa-de-dracena-ou-pelo-menos-parte-dela-esta-preterida-pela-administracao-municipal\/","title":{"rendered":"Imprensa de Dracena ou pelo menos parte dela, est\u00e1 preterida pela administra\u00e7\u00e3o municipal"},"content":{"rendered":"<p style=\"text-align: justify;\">Como diz em seus pronunciamentos, o prefeito que tomou posse no \u00faltimo dia 1\u00ba de janeiro, n\u00e3o prometeu nada, mas por diversas vezes, ao menos para esse \u00f3rg\u00e3o de imprensa foi dito que o tratamento seria deferente do que vinha acontecendo nos \u00faltimos 4 anos.<\/p>\n<p style=\"text-align: justify;\">Mas as coisas mudam, as situa\u00e7\u00f5es mudam, os pensamentos mudam, e o poder muda as pessoas, mesmo que n\u00e3o queiram acabam mudando.<\/p>\n<p style=\"text-align: justify;\">Sen\u00e3o vejamos:<\/p>\n<p style=\"text-align: justify;\">1-No pr\u00e9-lan\u00e7amento da candidatura Andr\u00e9 Lemos, al\u00e9m do pr\u00f3prio, ao menos mais meia d\u00fazia de pessoas correligion\u00e1rias, ligaram para este \u00f3rg\u00e3o de imprensa para dar cobertura. L\u00e1 estivemos com fotos e v\u00eddeos.<\/p>\n<p style=\"text-align: justify;\">2-No dia da Conven\u00e7\u00e3o tamb\u00e9m foi pedido a cobertura deste \u00f3rg\u00e3o de imprensa e l\u00e1 estivemos, com fotos e v\u00eddeos.<\/p>\n<p style=\"text-align: justify;\">3-Durante a campanha eleitoral, diversos encontros do acaso aconteceram e sempre em tom de cordialidade e respeito, este \u00f3rg\u00e3o tratou bem e foi bem tratado.<\/p>\n<p style=\"text-align: justify;\">4-No dia da elei\u00e7\u00e3o, logo ap\u00f3s o an\u00fancio do prefeito eleito, este \u00f3rg\u00e3o esteve em frente o Comit\u00ea de Campanha e fez fotos e v\u00eddeo do primeiro pronunciamento oficial.<\/p>\n<p style=\"text-align: justify;\">Ou seja, participamos de todos os principais momentos pr\u00e9, e o p\u00f3s?<\/p>\n<p style=\"text-align: justify;\">Ai vem as surpresas (que n\u00e3o achamos tantas surpresas), ap\u00f3s a elei\u00e7\u00e3o, este \u00f3rg\u00e3o de imprensa n\u00e3o existiu mais, a n\u00e3o ser algumas rar\u00edssimas coisas que ficamos sabendo por terceiros ou recebemos qualquer comunicado.<\/p>\n<p style=\"text-align: justify;\">Nem sequer o \u00e1pice que \u00e9 a posse, tivemos o prazer de sermos convidados. (Sabemos de todos os tr\u00e2mites da Pandemia), mas por um m\u00ednimo de considera\u00e7\u00e3o dev\u00edamos ter recebido algum convite oficial da programa\u00e7\u00e3o, pois que fosse ao menos para \u201ccompartilhar uma Live\u201d, dever\u00edamos ter sido avisados. Nada aconteceu.<\/p>\n<p style=\"text-align: justify;\">E a\u00ed segue o que entendemos que deveria ser diferente: S\u00f3 ontem 18 dias ap\u00f3s a posse, onde praticamente todos os cargos de confian\u00e7a est\u00e3o preenchidos e trabalhando desde o dia 1\u00ba de janeiro, \u00e9 que foi nomeada uma Diretora de Imprensa.<\/p>\n<p style=\"text-align: justify;\">No nosso entendimento teria que ter sido a primeira pessoa a ser indicada, visto que seria o elo de informa\u00e7\u00e3o de todos os acontecimentos para a imprensa e comunidade, o que efetivamente n\u00e3o aconteceu.<\/p>\n<p style=\"text-align: justify;\">Foi feito um pronunciamento n\u00e3o satisfat\u00f3rio na posse dando impress\u00e3o que o Governo Estadual pouco ou nada importa para a cidade, j\u00e1 vivemos essa experi\u00eancia e \u00e9 sabido que n\u00e3o deu certo. Cidades vizinhas agradecem.<\/p>\n<p style=\"text-align: justify;\">O Site oficial da Prefeitura est\u00e1 desatualizado todos os cargos de comiss\u00e3o com os secret\u00e1rios da administra\u00e7\u00e3o anterior. Diversas cidades da regi\u00e3o est\u00e1 tudo atualizado desde o primeiro dia de administra\u00e7\u00e3o.<\/p>\n<p style=\"text-align: justify;\">Nomea\u00e7\u00e3o oficial de cargo, ningu\u00e9m teve conhecimento, a n\u00e3o ser atrav\u00e9s de uma Live que inclusive compartilhamos.<\/p>\n<p style=\"text-align: justify;\">Enfim, ter\u00edamos muito para falar desses primeiros 18 dias da administra\u00e7\u00e3o, mas, preferimos esperar e acreditar que novos horizontes surgir\u00e3o e que teremos muito mais elogios a fazer do que cr\u00edticas. Se bem que \u00e9 muito mais f\u00e1cil ao contr\u00e1rio.<\/p>\n<p style=\"text-align: justify;\">E para encerrar, deixamos registrado que preterir uma Imprensa s\u00e9ria ou parte dela, que existe em Dracena por contas de Lives pessoais, com certeza n\u00e3o vai atingir os objetivos da administra\u00e7\u00e3o.<\/p>\n<p style=\"text-align: justify;\">Somados os Sites, Blogs, Jornais, R\u00e1dios e todas as m\u00eddias, com certeza muito mais gente vai estar vendo. H\u00e1 de se considerar que mesmo ap\u00f3s as elei\u00e7\u00f5es que o que se prega \u00e9 a uni\u00e3o geral de todos em prol de uma cidade melhor, a grande maioria n\u00e3o deu o voto de confian\u00e7a, s\u00f3 parte dela que confiou os votos. J\u00e1 a outra parte de quem n\u00e3o votou, com certeza muitos torcem pelo sucesso, mas muitos outros torcem pelo fracasso, e seria esses que torcem pelo fracasso que teriam que ser atingidos pela Imprensa s\u00e9ria atrav\u00e9s dos atos do executivo, divulgando as coisas boas da cidade.<\/p>\n<p style=\"text-align: justify;\">Temos certeza que todos est\u00e3o imbu\u00eddos de uma Dracena melhor, mas querem ter al\u00e9m de tratamento igual, respeito, considera\u00e7\u00e3o e n\u00e3o desprezo.<\/p>\n<p style=\"text-align: justify;\">Esta \u00e9 apenas a opini\u00e3o de um dracenense que acompanha a pol\u00edtica da cidade h\u00e1 60 anos. N\u00e3o \u00e9 um desabafo e sim uma situa\u00e7\u00e3o de cobran\u00e7a para ver se as mentes que est\u00e3o \u00e0 frente da administra\u00e7\u00e3o mudem o jeito de pensar e unam as for\u00e7as.<\/p>\n<p style=\"text-align: justify;\">Se n\u00e3o deu certo no \u00faltimos 4 anos, porque seguir fazendo o mesmo?<\/p>\n<p style=\"text-align: justify;\">Jorge Zanoni<\/p>\n<p>Imagem Ilustrativa<\/p>\n","protected":false},"excerpt":{"rendered":"<p>Como diz em seus pronunciamentos, o prefeito que tomou posse no \u00faltimo dia 1\u00ba de janeiro, n\u00e3o prometeu nada, mas por diversas vezes, ao menos para esse \u00f3rg\u00e3o de imprensa foi dito que o tratamento seria deferente do que vinha acontecendo nos \u00faltimos 4 anos. Mas as coisas mudam, as situa\u00e7\u00f5es mudam, os pensamentos mudam, [&hellip;]<\/p>\n","protected":false},"author":1,"featured_media":41844,"comment_status":"closed","ping_status":"open","sticky":false,"template":"","format":"standard","meta":{"footnotes":""},"categories":[179,184,110,116],"tags":[],"class_list":["post-41843","post","type-post","status-publish","format-standard","has-post-thumbnail","hentry","category-cidadeseregiao","category-dracena","category-noticiasdestaque","category-politicaeeconomia"],"_links":{"self":[{"href":"https:\/\/jorgezanoni.com.br\/2019\/wp-json\/wp\/v2\/posts\/41843","targetHints":{"allow":["GET"]}}],"collection":[{"href":"https:\/\/jorgezanoni.com.br\/2019\/wp-json\/wp\/v2\/posts"}],"about":[{"href":"https:\/\/jorgezanoni.com.br\/2019\/wp-json\/wp\/v2\/types\/post"}],"author":[{"embeddable":true,"href":"https:\/\/jorgezanoni.com.br\/2019\/wp-json\/wp\/v2\/users\/1"}],"replies":[{"embeddable":true,"href":"https:\/\/jorgezanoni.com.br\/2019\/wp-json\/wp\/v2\/comments?post=41843"}],"version-history":[{"count":0,"href":"https:\/\/jorgezanoni.com.br\/2019\/wp-json\/wp\/v2\/posts\/41843\/revisions"}],"wp:featuredmedia":[{"embeddable":true,"href":"https:\/\/jorgezanoni.com.br\/2019\/wp-json\/wp\/v2\/media\/41844"}],"wp:attachment":[{"href":"https:\/\/jorgezanoni.com.br\/2019\/wp-json\/wp\/v2\/media?parent=41843"}],"wp:term":[{"taxonomy":"category","embeddable":true,"href":"https:\/\/jorgezanoni.com.br\/2019\/wp-json\/wp\/v2\/categories?post=41843"},{"taxonomy":"post_tag","embeddable":true,"href":"https:\/\/jorgezanoni.com.br\/2019\/wp-json\/wp\/v2\/tags?post=41843"}],"curies":[{"name":"wp","href":"https:\/\/api.w.org\/{rel}","templated":true}]}}