{"id":41824,"date":"2021-01-19T00:07:42","date_gmt":"2021-01-19T00:07:42","guid":{"rendered":"https:\/\/jorgezanoni.com.br\/2019\/?p=41824"},"modified":"2021-01-19T01:31:25","modified_gmt":"2021-01-19T01:31:25","slug":"unifadra-dracena-fecha-parceria-para-internato-de-medicina-com-a-santa-casa-de-venceslau","status":"publish","type":"post","link":"https:\/\/jorgezanoni.com.br\/2019\/unifadra-dracena-fecha-parceria-para-internato-de-medicina-com-a-santa-casa-de-venceslau\/","title":{"rendered":"Unifadra Dracena fecha parceria para Internato de medicina com a Santa Casa de Venceslau"},"content":{"rendered":"<p style=\"text-align: justify;\">A Unifadra Dracena fechou na manh\u00e3 desta segunda-feira (18) uma parceria de internato com a Santa Casa de Presidente Venceslau. Ser\u00e3o 33 vagas no hospital venceslauense para alunos do quinto ano de medicina. O internado na Santa Casa de Presidente Venceslau vai oferecer est\u00e1gio pr\u00e1tico para os alunos nas \u00e1reas de obstetr\u00edcia e ginecologia, pediatria e cirurgia.<\/p>\n<p style=\"text-align: justify;\">A parceria entre a Santa Casa venceslauense e a Unifadra come\u00e7ou a ser desenhada h\u00e1 alguns anos e o termo de colabora\u00e7\u00e3o foi assinado na manh\u00e3 de hoje na unidade de sa\u00fade com a presen\u00e7a de diretores da Santa Casa e da Unifadra.<\/p>\n<p style=\"text-align: justify;\">\u201cPara n\u00f3s \u00e9 uma alegria firmar essa parceria, concretizamos um sonho de oferecer esse est\u00e1gio na Santa Casa de Venceslau. Isso mostra a expans\u00e3o do nosso curso de medicina. Todos ganham com essa parceria, a Faculdade, os alunos, o hospital, e a comunidade venceslauense\u201d, afirmou Edson Kae, diretor executivo da Unifadra\/Fundec.<\/p>\n<p style=\"text-align: justify;\">Para a diretora administrativa da Santa Casa de Venceslau, Suzy Bonif\u00e1cio, a parceria refor\u00e7a a credibilidade do hospital e ir\u00e1 beneficiar toda comunidade. \u201cTeremos 33 alunos do curso de medicina que estar\u00e3o residindo em Venceslau, e isso vai contribuir para a economia da cidade em setores como hot\u00e9is, alimenta\u00e7\u00e3o, al\u00e9m de contribuir com o pr\u00f3prio atendimento na Santa Casa\u201d, afirmou Suzy.<\/p>\n<p style=\"text-align: justify;\">O internato corresponde ao per\u00edodo dos \u00faltimos anos do curso de gradua\u00e7\u00e3o em Medicina, no qual o aluno passa por est\u00e1gio pr\u00e1tico nas unidades hospitalares, acompanhando a rotina das disciplinas na medicina. Durante este per\u00edodo, o estudante fica sob a supervis\u00e3o direta de m\u00e9dicos e outros profissionais.<\/p>\n<p style=\"text-align: justify;\"><strong>Medicina na Unifadra<\/strong><br \/>\nO Curso de Medicina da Unifadra\/Faculdades de Dracena contempla as habilidades definidas pelas Diretrizes Curriculares Nacionais e compreende atividades de ensino, pesquisa e extens\u00e3o, consideradas num modelo integrado.<\/p>\n<p style=\"text-align: justify;\">A estrutura da faculdade \u00e9 moderna e o curso de medicina oferece equipamentos de alta tecnologia com laborat\u00f3rio completo e metodologias que visam ao maior envolvimento dos alunos na busca do conhecimento. \u201cTemos orgulho em dizer que hoje o curso de medicina da Unifadra \u00e9 refer\u00eancia nacional\u201d, disse Edson Kae.<\/p>\n<p style=\"text-align: justify;\"><strong>Aperte o play abaixo e confira o v\u00eddeo com a cobertura completa da assinatura do conv\u00eanio entre a Santa Casa de Presidente Venceslau e a Unifadra Dracena.<\/strong><\/p>\n<p style=\"text-align: justify;\">Fonte: https:\/\/www.portalbueno.com.br\/post.php?id=16424&amp;t=unifadra-dracena-fecha-parceria-para-internato-de-medicina-com-a-santa-casa-de-venceslau<\/p>\n","protected":false},"excerpt":{"rendered":"<p>A Unifadra Dracena fechou na manh\u00e3 desta segunda-feira (18) uma parceria de internato com a Santa Casa de Presidente Venceslau. Ser\u00e3o 33 vagas no hospital venceslauense para alunos do quinto ano de medicina. O internado na Santa Casa de Presidente Venceslau vai oferecer est\u00e1gio pr\u00e1tico para os alunos nas \u00e1reas de obstetr\u00edcia e ginecologia, pediatria [&hellip;]<\/p>\n","protected":false},"author":1,"featured_media":41827,"comment_status":"closed","ping_status":"open","sticky":false,"template":"","format":"standard","meta":{"footnotes":""},"categories":[110,122],"tags":[],"class_list":["post-41824","post","type-post","status-publish","format-standard","has-post-thumbnail","hentry","category-noticiasdestaque","category-saudeeducacaoeconcurso"],"_links":{"self":[{"href":"https:\/\/jorgezanoni.com.br\/2019\/wp-json\/wp\/v2\/posts\/41824","targetHints":{"allow":["GET"]}}],"collection":[{"href":"https:\/\/jorgezanoni.com.br\/2019\/wp-json\/wp\/v2\/posts"}],"about":[{"href":"https:\/\/jorgezanoni.com.br\/2019\/wp-json\/wp\/v2\/types\/post"}],"author":[{"embeddable":true,"href":"https:\/\/jorgezanoni.com.br\/2019\/wp-json\/wp\/v2\/users\/1"}],"replies":[{"embeddable":true,"href":"https:\/\/jorgezanoni.com.br\/2019\/wp-json\/wp\/v2\/comments?post=41824"}],"version-history":[{"count":0,"href":"https:\/\/jorgezanoni.com.br\/2019\/wp-json\/wp\/v2\/posts\/41824\/revisions"}],"wp:featuredmedia":[{"embeddable":true,"href":"https:\/\/jorgezanoni.com.br\/2019\/wp-json\/wp\/v2\/media\/41827"}],"wp:attachment":[{"href":"https:\/\/jorgezanoni.com.br\/2019\/wp-json\/wp\/v2\/media?parent=41824"}],"wp:term":[{"taxonomy":"category","embeddable":true,"href":"https:\/\/jorgezanoni.com.br\/2019\/wp-json\/wp\/v2\/categories?post=41824"},{"taxonomy":"post_tag","embeddable":true,"href":"https:\/\/jorgezanoni.com.br\/2019\/wp-json\/wp\/v2\/tags?post=41824"}],"curies":[{"name":"wp","href":"https:\/\/api.w.org\/{rel}","templated":true}]}}