{"id":41811,"date":"2021-01-18T22:05:24","date_gmt":"2021-01-18T22:05:24","guid":{"rendered":"https:\/\/jorgezanoni.com.br\/2019\/?p=41811"},"modified":"2021-01-18T22:05:24","modified_gmt":"2021-01-18T22:05:24","slug":"frei-emerson-rodrigues-inicia-suas-atividades-na-paroquia-nossa-senhora-aparecida-de-dracena","status":"publish","type":"post","link":"https:\/\/jorgezanoni.com.br\/2019\/frei-emerson-rodrigues-inicia-suas-atividades-na-paroquia-nossa-senhora-aparecida-de-dracena\/","title":{"rendered":"Frei \u00c9merson Rodrigues inicia suas atividades na Par\u00f3quia Nossa Senhora Aparecida de Dracena"},"content":{"rendered":"<div dir=\"ltr\" style=\"text-align: justify;\">No s\u00e1bado (16) o frei \u00c9merson Aparecido Rodrigues celebrou sua primeira missa na Igreja Matriz Nossa Senhora Aparecida, onde inicia sua atividade pastoral auxiliando os freis A\u00edrton e Haroldo.<\/div>\n<div dir=\"ltr\" style=\"text-align: justify;\">Natural de Santo Anast\u00e1cio, o frei \u00c9merson estava trabalhando no Semin\u00e1rio Santo Ant\u00f4nio, em S\u00e3o Pedro.<\/div>\n<div dir=\"ltr\"><img loading=\"lazy\" decoding=\"async\" class=\"alignnone size-full wp-image-41812\" src=\"https:\/\/jorgezanoni.com.br\/2019\/wp-content\/uploads\/2021\/01\/missa.jpg\" alt=\"\" width=\"922\" height=\"768\" srcset=\"https:\/\/jorgezanoni.com.br\/2019\/wp-content\/uploads\/2021\/01\/missa.jpg 922w, https:\/\/jorgezanoni.com.br\/2019\/wp-content\/uploads\/2021\/01\/missa-300x250.jpg 300w, https:\/\/jorgezanoni.com.br\/2019\/wp-content\/uploads\/2021\/01\/missa-768x640.jpg 768w, https:\/\/jorgezanoni.com.br\/2019\/wp-content\/uploads\/2021\/01\/missa-696x580.jpg 696w, https:\/\/jorgezanoni.com.br\/2019\/wp-content\/uploads\/2021\/01\/missa-504x420.jpg 504w\" sizes=\"auto, (max-width: 922px) 100vw, 922px\" \/> <img loading=\"lazy\" decoding=\"async\" class=\"alignnone size-full wp-image-41813\" src=\"https:\/\/jorgezanoni.com.br\/2019\/wp-content\/uploads\/2021\/01\/missa1.jpg\" alt=\"\" width=\"240\" height=\"190\" \/> <img loading=\"lazy\" decoding=\"async\" class=\"alignnone size-full wp-image-41815\" src=\"https:\/\/jorgezanoni.com.br\/2019\/wp-content\/uploads\/2021\/01\/missa3.jpg\" alt=\"\" width=\"225\" height=\"240\" \/><\/div>\n<div dir=\"ltr\" style=\"text-align: justify;\"><\/div>\n<div dir=\"ltr\" style=\"text-align: justify;\">Pascom<\/div>\n","protected":false},"excerpt":{"rendered":"<p>No s\u00e1bado (16) o frei \u00c9merson Aparecido Rodrigues celebrou sua primeira missa na Igreja Matriz Nossa Senhora Aparecida, onde inicia sua atividade pastoral auxiliando os freis A\u00edrton e Haroldo. Natural de Santo Anast\u00e1cio, o frei \u00c9merson estava trabalhando no Semin\u00e1rio Santo Ant\u00f4nio, em S\u00e3o Pedro. Pascom<\/p>\n","protected":false},"author":1,"featured_media":41814,"comment_status":"closed","ping_status":"open","sticky":false,"template":"","format":"standard","meta":{"footnotes":""},"categories":[118],"tags":[],"class_list":["post-41811","post","type-post","status-publish","format-standard","has-post-thumbnail","hentry","category-religiaoesolidariedade"],"_links":{"self":[{"href":"https:\/\/jorgezanoni.com.br\/2019\/wp-json\/wp\/v2\/posts\/41811","targetHints":{"allow":["GET"]}}],"collection":[{"href":"https:\/\/jorgezanoni.com.br\/2019\/wp-json\/wp\/v2\/posts"}],"about":[{"href":"https:\/\/jorgezanoni.com.br\/2019\/wp-json\/wp\/v2\/types\/post"}],"author":[{"embeddable":true,"href":"https:\/\/jorgezanoni.com.br\/2019\/wp-json\/wp\/v2\/users\/1"}],"replies":[{"embeddable":true,"href":"https:\/\/jorgezanoni.com.br\/2019\/wp-json\/wp\/v2\/comments?post=41811"}],"version-history":[{"count":0,"href":"https:\/\/jorgezanoni.com.br\/2019\/wp-json\/wp\/v2\/posts\/41811\/revisions"}],"wp:featuredmedia":[{"embeddable":true,"href":"https:\/\/jorgezanoni.com.br\/2019\/wp-json\/wp\/v2\/media\/41814"}],"wp:attachment":[{"href":"https:\/\/jorgezanoni.com.br\/2019\/wp-json\/wp\/v2\/media?parent=41811"}],"wp:term":[{"taxonomy":"category","embeddable":true,"href":"https:\/\/jorgezanoni.com.br\/2019\/wp-json\/wp\/v2\/categories?post=41811"},{"taxonomy":"post_tag","embeddable":true,"href":"https:\/\/jorgezanoni.com.br\/2019\/wp-json\/wp\/v2\/tags?post=41811"}],"curies":[{"name":"wp","href":"https:\/\/api.w.org\/{rel}","templated":true}]}}