{"id":4181,"date":"2019-08-20T12:51:30","date_gmt":"2019-08-20T12:51:30","guid":{"rendered":"https:\/\/jorgezanoni.com.br\/2019\/?p=4181"},"modified":"2019-08-20T12:55:23","modified_gmt":"2019-08-20T12:55:23","slug":"motorista-fica-gravemente-ferido-apos-colisao-traseira-entre-caminhoes","status":"publish","type":"post","link":"https:\/\/jorgezanoni.com.br\/2019\/motorista-fica-gravemente-ferido-apos-colisao-traseira-entre-caminhoes\/","title":{"rendered":"Motorista fica gravemente ferido ap\u00f3s colis\u00e3o traseira entre caminh\u00f5es"},"content":{"rendered":"<p style=\"text-align: justify;\"><strong>Um homem de 38 anos ficou gravemente ferido ap\u00f3s uma colis\u00e3o traseira envolvendo dois caminh\u00f5es na Rodovia Jos\u00e9 Batista de Souza (SP-483), em Taciba. O acidente foi registrado na noite desta segunda-feira (19).<\/strong><\/p>\n<p><img loading=\"lazy\" decoding=\"async\" class=\"alignnone size-full wp-image-4182\" src=\"https:\/\/jorgezanoni.com.br\/2019\/wp-content\/uploads\/2019\/08\/bate.jpeg\" alt=\"\" width=\"870\" height=\"522\" srcset=\"https:\/\/jorgezanoni.com.br\/2019\/wp-content\/uploads\/2019\/08\/bate.jpeg 870w, https:\/\/jorgezanoni.com.br\/2019\/wp-content\/uploads\/2019\/08\/bate-300x180.jpeg 300w, https:\/\/jorgezanoni.com.br\/2019\/wp-content\/uploads\/2019\/08\/bate-768x461.jpeg 768w, https:\/\/jorgezanoni.com.br\/2019\/wp-content\/uploads\/2019\/08\/bate-696x418.jpeg 696w, https:\/\/jorgezanoni.com.br\/2019\/wp-content\/uploads\/2019\/08\/bate-700x420.jpeg 700w\" sizes=\"auto, (max-width: 870px) 100vw, 870px\" \/><\/p>\n<p style=\"text-align: justify;\">De acordo com a Pol\u00edcia Rodovi\u00e1ria, no local, foi constatado que o caminh\u00e3o, com placas de Apucarana (PR), transitava no sentido Paran\u00e1 \u2013 Regente Feij\u00f3, quando no km 9,100, por motivos a serem esclarecidos colidiu na traseira de outro caminh\u00e3o, com placas de Porecatu (PR), que seguia na mesma dire\u00e7\u00e3o.<\/p>\n<p style=\"text-align: justify;\">O condutor do caminh\u00e3o que colidiu no outro sofreu ferimentos de natureza grave e foi socorrido ao Hospital Regional (HR) de Presidente Prudente, de acordo com a pol\u00edcia. Ele tem 38 anos e \u00e9 morador de Ibipor\u00e3 (PR).<\/p>\n<p style=\"text-align: justify;\">Segundo o hospital, o estado do homem \u201c\u00e9 est\u00e1vel\u201d.<\/p>\n<p style=\"text-align: justify;\">O outro motorista, de 27 anos, morador em Iep\u00ea, sofreu les\u00f5es leves e tamb\u00e9m foi levado ao HR.<\/p>\n<p><img loading=\"lazy\" decoding=\"async\" class=\"alignnone size-full wp-image-4184\" src=\"https:\/\/jorgezanoni.com.br\/2019\/wp-content\/uploads\/2019\/08\/bate2.jpeg\" alt=\"\" width=\"870\" height=\"522\" srcset=\"https:\/\/jorgezanoni.com.br\/2019\/wp-content\/uploads\/2019\/08\/bate2.jpeg 870w, https:\/\/jorgezanoni.com.br\/2019\/wp-content\/uploads\/2019\/08\/bate2-300x180.jpeg 300w, https:\/\/jorgezanoni.com.br\/2019\/wp-content\/uploads\/2019\/08\/bate2-768x461.jpeg 768w, https:\/\/jorgezanoni.com.br\/2019\/wp-content\/uploads\/2019\/08\/bate2-696x418.jpeg 696w, https:\/\/jorgezanoni.com.br\/2019\/wp-content\/uploads\/2019\/08\/bate2-700x420.jpeg 700w\" sizes=\"auto, (max-width: 870px) 100vw, 870px\" \/><\/p>\n<p style=\"text-align: justify;\">Com o impacto, ambos os ve\u00edculos ficaram parados sobre a faixa de tr\u00e2nsito e deixaram a rodovia parcialmente interditada. Contudo, o tr\u00e2nsito n\u00e3o foi prejudicado, pois houve desvio no local, controlado pelo policiamento rodovi\u00e1rio.<\/p>\n<p style=\"text-align: justify;\">Os ve\u00edculos foram liberados aos propriet\u00e1rios.<\/p>\n<p style=\"text-align: justify;\"><em>Fonte: G1\u00a0<\/em><\/p>\n","protected":false},"excerpt":{"rendered":"<p>Um homem de 38 anos ficou gravemente ferido ap\u00f3s uma colis\u00e3o traseira envolvendo dois caminh\u00f5es na Rodovia Jos\u00e9 Batista de Souza (SP-483), em Taciba. O acidente foi registrado na noite desta segunda-feira (19). De acordo com a Pol\u00edcia Rodovi\u00e1ria, no local, foi constatado que o caminh\u00e3o, com placas de Apucarana (PR), transitava no sentido Paran\u00e1 [&hellip;]<\/p>\n","protected":false},"author":1,"featured_media":4183,"comment_status":"closed","ping_status":"open","sticky":false,"template":"","format":"standard","meta":{"footnotes":""},"categories":[170,110],"tags":[],"class_list":["post-4181","post","type-post","status-publish","format-standard","has-post-thumbnail","hentry","category-acidentes","category-noticiasdestaque"],"_links":{"self":[{"href":"https:\/\/jorgezanoni.com.br\/2019\/wp-json\/wp\/v2\/posts\/4181","targetHints":{"allow":["GET"]}}],"collection":[{"href":"https:\/\/jorgezanoni.com.br\/2019\/wp-json\/wp\/v2\/posts"}],"about":[{"href":"https:\/\/jorgezanoni.com.br\/2019\/wp-json\/wp\/v2\/types\/post"}],"author":[{"embeddable":true,"href":"https:\/\/jorgezanoni.com.br\/2019\/wp-json\/wp\/v2\/users\/1"}],"replies":[{"embeddable":true,"href":"https:\/\/jorgezanoni.com.br\/2019\/wp-json\/wp\/v2\/comments?post=4181"}],"version-history":[{"count":0,"href":"https:\/\/jorgezanoni.com.br\/2019\/wp-json\/wp\/v2\/posts\/4181\/revisions"}],"wp:featuredmedia":[{"embeddable":true,"href":"https:\/\/jorgezanoni.com.br\/2019\/wp-json\/wp\/v2\/media\/4183"}],"wp:attachment":[{"href":"https:\/\/jorgezanoni.com.br\/2019\/wp-json\/wp\/v2\/media?parent=4181"}],"wp:term":[{"taxonomy":"category","embeddable":true,"href":"https:\/\/jorgezanoni.com.br\/2019\/wp-json\/wp\/v2\/categories?post=4181"},{"taxonomy":"post_tag","embeddable":true,"href":"https:\/\/jorgezanoni.com.br\/2019\/wp-json\/wp\/v2\/tags?post=4181"}],"curies":[{"name":"wp","href":"https:\/\/api.w.org\/{rel}","templated":true}]}}