{"id":41808,"date":"2021-01-18T21:50:33","date_gmt":"2021-01-18T21:50:33","guid":{"rendered":"https:\/\/jorgezanoni.com.br\/2019\/?p=41808"},"modified":"2021-01-18T21:50:33","modified_gmt":"2021-01-18T21:50:33","slug":"unifadra-fundec-de-dracena-curso-de-pedagogia-e-o-mais-procurado-na-modalidade-ead","status":"publish","type":"post","link":"https:\/\/jorgezanoni.com.br\/2019\/unifadra-fundec-de-dracena-curso-de-pedagogia-e-o-mais-procurado-na-modalidade-ead\/","title":{"rendered":"Unifadra\/Fundec de Dracena: curso de Pedagogia \u00e9 o mais procurado na modalidade EAD\u00a0\u00a0"},"content":{"rendered":"<p dir=\"ltr\" style=\"text-align: justify;\">A Fundec, por meio da parceria com a Unitau, possui mais de 20 cursos EAD. O curso de Pedagogia \u00e9 um dos mais procurados em Dracena e regi\u00e3o.<\/p>\n<p dir=\"ltr\" style=\"text-align: justify;\">Para quem carrega no cora\u00e7\u00e3o o dom de mediar o conhecimento e de contribuir com um futuro mais inclusivo, a carreira de professor \u00e9 bastante importante, pois oportuniza o desenvolvimento em sua integralidade.<\/p>\n<p dir=\"ltr\" style=\"text-align: justify;\">O curso de Pedagogia abre um leque de possibilidades para o profissional, que pode atuar tanto na gest\u00e3o escolar quanto na doc\u00eancia. O professor \u00e9 quem prepara o aluno para assimilar melhor as caracter\u00edsticas e processos inerentes ao mundo em que vive. \u00c9 uma miss\u00e3o desempenhada com paci\u00eancia, dedica\u00e7\u00e3o e amor.<\/p>\n<p dir=\"ltr\" style=\"text-align: justify;\">O curso EAD de gradua\u00e7\u00e3o em Pedagogia pela UNITAU &#8211; Universidade de Taubat\u00e9, em parceria com a Unifadra\/Fundec de Dracena, est\u00e1 totalmente alinhado com as exig\u00eancias do MEC, formando profissionais capazes de planejar, organizar, acompanhar, avaliar e refletir sobre suas a\u00e7\u00f5es, comprometidos com a qualidade do processo educativo, assegurando sua forma\u00e7\u00e3o cont\u00ednua, valorizando a fundamenta\u00e7\u00e3o te\u00f3rica articulada com a pr\u00e1tica profissional.<\/p>\n<p dir=\"ltr\" style=\"text-align: justify;\">O diretor acad\u00eamico da Unifadra Prof. Dr. Enio Garbelini explicou que o campo de atua\u00e7\u00e3o do profissional de Pedagogia compreende a doc\u00eancia na educa\u00e7\u00e3o infantil, nos anos iniciais do ensino fundamental, nas disciplinas pedag\u00f3gicas do ensino m\u00e9dio, assim como na educa\u00e7\u00e3o profissional e na \u00e1rea de servi\u00e7os e de apoio escolar. O profissional tamb\u00e9m est\u00e1 inserido na gest\u00e3o educacional, que integra as diversas atua\u00e7\u00f5es e fun\u00e7\u00f5es pedag\u00f3gicas, especialmente no que se refere ao planejamento, \u00e0 administra\u00e7\u00e3o, \u00e0 coordena\u00e7\u00e3o, ao acompanhamento e \u00e0 avalia\u00e7\u00e3o de planos e de projetos, al\u00e9m de analisar, de formular e de implementar as pol\u00edticas p\u00fablicas e institucionais na \u00e1rea da educa\u00e7\u00e3o. A prepara\u00e7\u00e3o dos estudantes se d\u00e1 em uma dimens\u00e3o integrada para o exerc\u00edcio da doc\u00eancia, para a gest\u00e3o dos processos educativos e para a produ\u00e7\u00e3o e difus\u00e3o do conhecimento no campo educacional.<\/p>\n<p dir=\"ltr\" style=\"text-align: justify;\"><span id=\"gmail-docs-internal-guid-482bf2b9-7fff-f431-9f37-1974a4349c8d\">As inscri\u00e7\u00f5es para o vestibular dos cursos EAD da Unifadra podem ser feitas at\u00e9 o dia 12 de fevereiro. Inscreva-se pelo site <a href=\"http:\/\/www.fundec.edu.br\/\" target=\"_blank\" rel=\"noopener noreferrer\">www.fundec.edu.br<\/a> ou entre em contato para mais informa\u00e7\u00f5es pelo WhatsApp (18) 99818-9299.<\/span><\/p>\n<div class=\"gmail_signature\" dir=\"ltr\">\n<div dir=\"ltr\" style=\"text-align: justify;\">Carolina Colnago<br \/>\nAssistente de Comunica\u00e7\u00e3o<br \/>\nFunda\u00e7\u00e3o Dracenense de Educa\u00e7\u00e3o e Cultura<\/div>\n<\/div>\n","protected":false},"excerpt":{"rendered":"<p>A Fundec, por meio da parceria com a Unitau, possui mais de 20 cursos EAD. O curso de Pedagogia \u00e9 um dos mais procurados em Dracena e regi\u00e3o. Para quem carrega no cora\u00e7\u00e3o o dom de mediar o conhecimento e de contribuir com um futuro mais inclusivo, a carreira de professor \u00e9 bastante importante, pois [&hellip;]<\/p>\n","protected":false},"author":1,"featured_media":41809,"comment_status":"closed","ping_status":"open","sticky":false,"template":"","format":"standard","meta":{"footnotes":""},"categories":[122],"tags":[],"class_list":["post-41808","post","type-post","status-publish","format-standard","has-post-thumbnail","hentry","category-saudeeducacaoeconcurso"],"_links":{"self":[{"href":"https:\/\/jorgezanoni.com.br\/2019\/wp-json\/wp\/v2\/posts\/41808","targetHints":{"allow":["GET"]}}],"collection":[{"href":"https:\/\/jorgezanoni.com.br\/2019\/wp-json\/wp\/v2\/posts"}],"about":[{"href":"https:\/\/jorgezanoni.com.br\/2019\/wp-json\/wp\/v2\/types\/post"}],"author":[{"embeddable":true,"href":"https:\/\/jorgezanoni.com.br\/2019\/wp-json\/wp\/v2\/users\/1"}],"replies":[{"embeddable":true,"href":"https:\/\/jorgezanoni.com.br\/2019\/wp-json\/wp\/v2\/comments?post=41808"}],"version-history":[{"count":0,"href":"https:\/\/jorgezanoni.com.br\/2019\/wp-json\/wp\/v2\/posts\/41808\/revisions"}],"wp:featuredmedia":[{"embeddable":true,"href":"https:\/\/jorgezanoni.com.br\/2019\/wp-json\/wp\/v2\/media\/41809"}],"wp:attachment":[{"href":"https:\/\/jorgezanoni.com.br\/2019\/wp-json\/wp\/v2\/media?parent=41808"}],"wp:term":[{"taxonomy":"category","embeddable":true,"href":"https:\/\/jorgezanoni.com.br\/2019\/wp-json\/wp\/v2\/categories?post=41808"},{"taxonomy":"post_tag","embeddable":true,"href":"https:\/\/jorgezanoni.com.br\/2019\/wp-json\/wp\/v2\/tags?post=41808"}],"curies":[{"name":"wp","href":"https:\/\/api.w.org\/{rel}","templated":true}]}}